{"id":12742,"date":"2018-06-28T07:33:26","date_gmt":"2018-06-28T07:33:26","guid":{"rendered":"http:\/\/centralmedia.rs\/?p=12742"},"modified":"2018-06-28T07:33:26","modified_gmt":"2018-06-28T07:33:26","slug":"saopstenje-za-javnost-opstinskog-veca-u-paracinu","status":"publish","type":"post","link":"https:\/\/centralmedia.rs\/index.php\/2018\/06\/28\/saopstenje-za-javnost-opstinskog-veca-u-paracinu\/","title":{"rendered":"Saop\u0161tenje za javnost Op\u0161tinskog ve\u0107a u Para\u0107inu"},"content":{"rendered":"<p>PARA\u0106IN- SPovodom saznanja da se u okviru politi\u010dne stranke SNS u Para\u0107inu dogovara imenovanje vd direktora \u0161kola uz prethodnu smenu postoje\u0107ih, a koje bi trebalo da bude sprovedeno po zahtevu ove politi\u010dke stranke, Op\u0161tinsko ve\u0107e op\u0161tine Para\u0107in dana 27.06.2018. godine podnelo je krivi\u010dnu prijavu protiv NN lica iz povereni\u0161tva SNS u Para\u0107inu i NN lica iz Ministarstvu prosvete, nauke i tehnolo\u0161kog razvoja.<\/p>\n<p>Krivi\u010dna prijava je podneta zbog postojanja osnovane sumnje da je izvr\u0161eno krivi\u010dno delo \u2013 trgovina uticajem shodno \u010dlanu 366. Krivi\u010dnog zakonika .<\/p>\n<p>Naime, Op\u0161tinskom ve\u0107u op\u0161tine Para\u0107in dana 27.06.2018. godine obratili su se direktori osnovnih \u0161kola sa teritorije op\u0161tine i to: Sonja Miljkovi\u0107 direktor \u00a0O\u0160 &#8221;Mom\u010dilo Popovi\u0107 \u2013 Ozren&#8221; iz Para\u0107ina, Sne\u017eana Cveji\u0107 direktor O\u0160 &#8221;Branko Radi\u010devi\u0107&#8221; iz Popovca, Svetlana Gaji\u0107 direktor O\u0160 &#8221;\u0110ura Jak\u0161i\u0107&#8221; iz Para\u0107ina sa gore navednim saznanjima.<\/p>\n<p>Zauzvrat bi postavljeni v.d. direktori trebalo da uzvrate korist NN licu iz SNS zapo\u0161ljavanjem na odre\u0111eno vreme ro\u0111aka rukovodilaca SNS-a.<\/p>\n<p>Kako SNS u Para\u0107inu nema zakonska ovla\u0161\u0107enja da na ovaj na\u010din imenuje, postavlja i razre\u0161ava direktore \u0161kola ili da posreduje u ovoj aktivnosti smatramo da su se u ovoj aktivnosti stekle osnove za sumnju da je re\u010d o krivi\u010dnom delu koje se goni po slu\u017ebenoj du\u017enosti.<\/p>\n<p>Svim gore navedenim smatramo da je izvr\u0161eno kr\u0161enje \u010dlana 366. st.2 Krivi\u010dnog zakonika\u00a0 (\u201eSl. Glasnik RS\u201c br. 85\/2005, 88\/2005- ispr, 107\/2005-ispr, 72\/2009, 111\/2009,121\/2012, 104\/2013, 108\/2014 i 94\/2016) koji glasi:<\/p>\n<p>\u201cKo drugom neposredno ili preko tre\u0107eg lica obe\u0107a, ponudi ili da poklon ili kakvu drugu korist da kori\u0161\u0107enjem svog slu\u017ebenog ili dru\u0161tvenog polo\u017eaja ili stvarnog ili pretpostavljenog uticaja posreduje da se izvr\u0161i ili ne izvr\u0161i neka slu\u017ebena radnja, kazni\u0107e se zatvorom do tri godine\u201c, pa je Op\u0161tinsko ve\u0107e op\u0161tine Para\u0107in podnelo krivi\u010dnu prijavu MUP R.Srbije &#8211; PS u Para\u0107inu da preduzme sve mere iz svoje nadle\u017enosti .<\/p>\n<p>&nbsp;<\/p>\n<p>&nbsp;<\/p>\n","protected":false},"excerpt":{"rendered":"<p>PARA\u0106IN- SPovodom saznanja da se u okviru politi\u010dne stranke SNS u Para\u0107inu dogovara imenovanje vd direktora \u0161kola uz prethodnu smenu postoje\u0107ih, a koje bi trebalo &hellip; <\/p>\n","protected":false},"author":4,"featured_media":11816,"comment_status":"open","ping_status":"open","sticky":false,"template":"","format":"standard","meta":{"footnotes":""},"categories":[1524,2,1516,13,887,12],"tags":[2181,156,662,136],"_links":{"self":[{"href":"https:\/\/centralmedia.rs\/index.php\/wp-json\/wp\/v2\/posts\/12742"}],"collection":[{"href":"https:\/\/centralmedia.rs\/index.php\/wp-json\/wp\/v2\/posts"}],"about":[{"href":"https:\/\/centralmedia.rs\/index.php\/wp-json\/wp\/v2\/types\/post"}],"author":[{"embeddable":true,"href":"https:\/\/centralmedia.rs\/index.php\/wp-json\/wp\/v2\/users\/4"}],"replies":[{"embeddable":true,"href":"https:\/\/centralmedia.rs\/index.php\/wp-json\/wp\/v2\/comments?post=12742"}],"version-history":[{"count":1,"href":"https:\/\/centralmedia.rs\/index.php\/wp-json\/wp\/v2\/posts\/12742\/revisions"}],"predecessor-version":[{"id":12743,"href":"https:\/\/centralmedia.rs\/index.php\/wp-json\/wp\/v2\/posts\/12742\/revisions\/12743"}],"wp:featuredmedia":[{"embeddable":true,"href":"https:\/\/centralmedia.rs\/index.php\/wp-json\/wp\/v2\/media\/11816"}],"wp:attachment":[{"href":"https:\/\/centralmedia.rs\/index.php\/wp-json\/wp\/v2\/media?parent=12742"}],"wp:term":[{"taxonomy":"category","embeddable":true,"href":"https:\/\/centralmedia.rs\/index.php\/wp-json\/wp\/v2\/categories?post=12742"},{"taxonomy":"post_tag","embeddable":true,"href":"https:\/\/centralmedia.rs\/index.php\/wp-json\/wp\/v2\/tags?post=12742"}],"curies":[{"name":"wp","href":"https:\/\/api.w.org\/{rel}","templated":true}]}}