{"id":12744,"date":"2018-06-28T07:41:06","date_gmt":"2018-06-28T07:41:06","guid":{"rendered":"http:\/\/centralmedia.rs\/?p=12744"},"modified":"2018-06-28T07:41:06","modified_gmt":"2018-06-28T07:41:06","slug":"saopstenje-sns-paracin-demokrate-vise-nemaju-mehanizam-da-stite-lose-direktore-skola","status":"publish","type":"post","link":"https:\/\/centralmedia.rs\/index.php\/2018\/06\/28\/saopstenje-sns-paracin-demokrate-vise-nemaju-mehanizam-da-stite-lose-direktore-skola\/","title":{"rendered":"Saop\u0161tenje SNS Para\u0107in &#8211; DEMOKRATE VI\u0160E NEMAJU MEHANIZAM DA \u0160TITE LO\u0160E DIREKTORE \u0160KOLA"},"content":{"rendered":"<p>PARA\u0106IN- Odlaze\u0107a vlast Demokratske stranke u Para\u0107inu povukla je o\u010dajni\u010dki potez u nadi da \u0107e spasiti svoje direktore \u0161kola i ostaviti ih na pozicijama do slede\u0107ih izbora. Suo\u010deni sa \u010dinjenicom da prosvetna inspekcija vi\u0161e ne radi po njihovom nalogu i da vi\u0161e nisu u mogu\u0107nosti da zata\u0161kaju propuste i zloupotrebe koje su vr\u0161ili u vo\u0111enju \u0161kola proteklih godina demokrate celoj pri\u010di poku\u0161avaju da daju politi\u010dku konotaciju i da za lo\u0161 rad svojih \u010dlanova okrive ministarstvo i povereni\u0161tvo Sns.<br \/>\nSrpska napredna stranka odlu\u010dno demantuje da je bilo ko vr\u0161io trgovinu uticajem. Nismo, niti \u0107emo ikada uticati na rad dr\u017eavnih organa. Svakome u Para\u0107inu je jasno da je upravo Demokratska stranka na \u010delu sa Paunovi\u0107em ta koja je ispolitizovala celokupno obrazovanje u Para\u0107inu o \u010demu svedo\u010de brojne \u010dinjenjce a naro\u010dito isti\u010demo dve:<br \/>\nPrva je ta da su svi direktori \u0161kola koji su imali &#8220;saznanja&#8221; o pritiscima i kojj su se \u017ealili op\u0161tinskom ve\u0107u listom \u010dlanovi Demokratske stranke ili grupe gra\u0111ana Svi za Para\u0107in. Zbog toga osnovano sumnjamo da prilikom njihovog postavljanja nije bio odlu\u010duju\u0107i faktor njihova sposobnost nego strana\u010dka pripadnost.<br \/>\nDruga \u010dinjenica koja ide u prilog tvrdnji da lokalna vlast u Para\u0107inu na \u010delna mesta u op\u0161tini postavlja ljude po partijskom &#8220;klju\u010du&#8221; je i nedavna konferencija odborni\u010dke grupe Zdrava pri\u010da, na kojoj je \u0161ef te odborni\u010dke grupe Ivan Stojanovi\u0107 javno priznao da je doneta politi\u010dka odluka vladaju\u0107e ve\u0107ine &#8220;da njima kao organizaciji pripadnu SC Borac i ustanova kulture pozori\u0161te Para\u0107in&#8221;. Zbog ovog ali i ostalih slu\u010dajeva trgovine uticajem i zloupotreba slu\u017ebenog polo\u017eaja od strane onih koji sprovode lokalnu vlast u Para\u0107inu podne\u0107emo krivi\u010dne prijave protiv odgovornih lica. Napominjemo protiv odgovornih a ne protiv NN lica jer smo se u proteklih 18 meseci, koliko funkcioni\u0161e povereni\u0161tvo, bavili prikupljanjem dokaza i saznanja o svim kriminalnim radnjama lokalnih vlastodr\u017eaca na \u010delu sa Demokratskom strankom.<\/p>\n<p>&nbsp;<\/p>\n","protected":false},"excerpt":{"rendered":"<p>PARA\u0106IN- Odlaze\u0107a vlast Demokratske stranke u Para\u0107inu povukla je o\u010dajni\u010dki potez u nadi da \u0107e spasiti svoje direktore \u0161kola i ostaviti ih na pozicijama do &hellip; <\/p>\n","protected":false},"author":4,"featured_media":12745,"comment_status":"open","ping_status":"open","sticky":false,"template":"","format":"standard","meta":{"footnotes":""},"categories":[1524,2,1516,13,887,12],"tags":[156,720,136],"_links":{"self":[{"href":"https:\/\/centralmedia.rs\/index.php\/wp-json\/wp\/v2\/posts\/12744"}],"collection":[{"href":"https:\/\/centralmedia.rs\/index.php\/wp-json\/wp\/v2\/posts"}],"about":[{"href":"https:\/\/centralmedia.rs\/index.php\/wp-json\/wp\/v2\/types\/post"}],"author":[{"embeddable":true,"href":"https:\/\/centralmedia.rs\/index.php\/wp-json\/wp\/v2\/users\/4"}],"replies":[{"embeddable":true,"href":"https:\/\/centralmedia.rs\/index.php\/wp-json\/wp\/v2\/comments?post=12744"}],"version-history":[{"count":1,"href":"https:\/\/centralmedia.rs\/index.php\/wp-json\/wp\/v2\/posts\/12744\/revisions"}],"predecessor-version":[{"id":12746,"href":"https:\/\/centralmedia.rs\/index.php\/wp-json\/wp\/v2\/posts\/12744\/revisions\/12746"}],"wp:featuredmedia":[{"embeddable":true,"href":"https:\/\/centralmedia.rs\/index.php\/wp-json\/wp\/v2\/media\/12745"}],"wp:attachment":[{"href":"https:\/\/centralmedia.rs\/index.php\/wp-json\/wp\/v2\/media?parent=12744"}],"wp:term":[{"taxonomy":"category","embeddable":true,"href":"https:\/\/centralmedia.rs\/index.php\/wp-json\/wp\/v2\/categories?post=12744"},{"taxonomy":"post_tag","embeddable":true,"href":"https:\/\/centralmedia.rs\/index.php\/wp-json\/wp\/v2\/tags?post=12744"}],"curies":[{"name":"wp","href":"https:\/\/api.w.org\/{rel}","templated":true}]}}