{"id":12747,"date":"2018-06-28T07:44:53","date_gmt":"2018-06-28T07:44:53","guid":{"rendered":"http:\/\/centralmedia.rs\/?p=12747"},"modified":"2018-06-28T07:44:53","modified_gmt":"2018-06-28T07:44:53","slug":"vidovdan-praznik-srpske-sabornosti-nadahnuca","status":"publish","type":"post","link":"https:\/\/centralmedia.rs\/index.php\/2018\/06\/28\/vidovdan-praznik-srpske-sabornosti-nadahnuca\/","title":{"rendered":"VIDOVDAN: Praznik srpske sabornosti i nadahnu\u0107a"},"content":{"rendered":"<p>U istoriji na\u0161eg naroda dana\u0161nji datum ima vi\u0161estruku simboliku i zna\u010daj. Markovi\u0107: Ako je Kosovski mit nazadan, onda to va\u017ei i za Termopile.<\/p>\n<p>SA jedne strane Vidovdan, sa druge svi drugi srpski praznici. I, uvek &#8220;tas istorije&#8221; pretegne na njegovu stranu. Jer, Vidovdan je, tvrde istori\u010dari, odavno postao sinonim velikih nacionalnih nadahnu\u0107a, praznik srpske sudbine, dan na\u0161ih pobeda i poraza, jedan od najdramati\u010dnijih datuma u na\u0161oj istoriji&#8230; I u pro\u0161losti i u savremenoj istoriji, nijednog datuma kao 28. juna Srbija nije morala da donosi te\u0161ke odluke i da bira put.<\/p>\n<p>Onaj prvi, &#8220;prete\u010da&#8221; svih na\u0161ih Vidovdana, bio je pre ravno 629 godina. Lazarev izbor Carstva nebeskog, \u017ertvovanja za vi\u0161e vrednosti i slobodu po svaku cenu, u\u010dinili su Vidovdan mitskim danom. Neraskidivo su ga povezali sa idealom mu\u010deni\u0161tva i opredeljenjem za ve\u010dno i duhovno, naspram prolaznog i materijalnog. Ba\u0161 taj kne\u017eev izbor i odricanje od ovozemaljske slave i uspeha vremenom su postali potka nacionalnog etosa Srba.<\/p>\n<p>Dramati\u010dni doga\u0111aji iz novije istorije, koji su se desili 28. juna, samo su oja\u010dali njegovu simboliku kao klju\u010dnog datuma srpske istorije. Od mitskog opredeljenja donetog na polju izme\u0111u Laba i Sitnice, preko Principovog pucnja u gradu na Miljacki, do uspona i pada Slobodana Milo\u0161evi\u0107a i otvaranja pristupnih pregovora sa EU &#8211; svi ovi doga\u0111aji u\u010dinili su da se Vidovdan u Srbiji do\u010dekuje sa ponosom, ali i sa zebnjom od novih izazova.<\/p>\n<p>Ima i onih koji misle da je Vidovdan neprikladan praznik i da je besmisleno slaviti dan poraza i propasti. Tvrde i da Srbima, ve\u0107 decenijama obuzetim svakodnevnom borbom za opstanak &#8211; Vidovdan vi\u0161e nije va\u017ean.<\/p>\n","protected":false},"excerpt":{"rendered":"<p>U istoriji na\u0161eg naroda dana\u0161nji datum ima vi\u0161estruku simboliku i zna\u010daj. Markovi\u0107: Ako je Kosovski mit nazadan, onda to va\u017ei i za Termopile. SA jedne &hellip; <\/p>\n","protected":false},"author":4,"featured_media":8433,"comment_status":"open","ping_status":"open","sticky":false,"template":"","format":"standard","meta":{"footnotes":""},"categories":[14,2,12],"tags":[148,903],"_links":{"self":[{"href":"https:\/\/centralmedia.rs\/index.php\/wp-json\/wp\/v2\/posts\/12747"}],"collection":[{"href":"https:\/\/centralmedia.rs\/index.php\/wp-json\/wp\/v2\/posts"}],"about":[{"href":"https:\/\/centralmedia.rs\/index.php\/wp-json\/wp\/v2\/types\/post"}],"author":[{"embeddable":true,"href":"https:\/\/centralmedia.rs\/index.php\/wp-json\/wp\/v2\/users\/4"}],"replies":[{"embeddable":true,"href":"https:\/\/centralmedia.rs\/index.php\/wp-json\/wp\/v2\/comments?post=12747"}],"version-history":[{"count":1,"href":"https:\/\/centralmedia.rs\/index.php\/wp-json\/wp\/v2\/posts\/12747\/revisions"}],"predecessor-version":[{"id":12748,"href":"https:\/\/centralmedia.rs\/index.php\/wp-json\/wp\/v2\/posts\/12747\/revisions\/12748"}],"wp:featuredmedia":[{"embeddable":true,"href":"https:\/\/centralmedia.rs\/index.php\/wp-json\/wp\/v2\/media\/8433"}],"wp:attachment":[{"href":"https:\/\/centralmedia.rs\/index.php\/wp-json\/wp\/v2\/media?parent=12747"}],"wp:term":[{"taxonomy":"category","embeddable":true,"href":"https:\/\/centralmedia.rs\/index.php\/wp-json\/wp\/v2\/categories?post=12747"},{"taxonomy":"post_tag","embeddable":true,"href":"https:\/\/centralmedia.rs\/index.php\/wp-json\/wp\/v2\/tags?post=12747"}],"curies":[{"name":"wp","href":"https:\/\/api.w.org\/{rel}","templated":true}]}}