{"id":12761,"date":"2018-06-28T15:15:57","date_gmt":"2018-06-28T15:15:57","guid":{"rendered":"http:\/\/centralmedia.rs\/?p=12761"},"modified":"2018-06-28T15:15:57","modified_gmt":"2018-06-28T15:15:57","slug":"paunovic-govorio-u-istanbulu-na-zasedanju-komiteta-za-monitoring-kongresa-lokalnih-regionalnih-vlasti-saveta-evrope","status":"publish","type":"post","link":"https:\/\/centralmedia.rs\/index.php\/2018\/06\/28\/paunovic-govorio-u-istanbulu-na-zasedanju-komiteta-za-monitoring-kongresa-lokalnih-regionalnih-vlasti-saveta-evrope\/","title":{"rendered":"PAUNOVI\u0106 GOVORIO U ISTANBULU NA ZASEDANJU Komiteta za monitoring Kongresa lokalnih i regionalnih vlasti Saveta Evrope"},"content":{"rendered":"<p>ISTANBUL- Izvod iz obra\u0107anja predsednika op\u0161tine Para\u0107in Sa\u0161e Paunovi\u0107a u Istanbulu na zasedanju\u00a0Komiteta za monitoring Kongresa lokalnih i regionalnih vlasti Saveta Evrope.<\/p>\n<div class=\"text_exposed_show\">\n<p>&#8220;Po\u0161tovani \u010dlanovi Komiteta, obave\u0161tavam Vas da je \u017ealba koju je uputila Op\u0161tina Para\u0107in, a koju su podr\u017eale i Op\u0161tina \u010cajetina, Grad \u0160abac i jo\u0161 432 odbornika iz 88 skup\u0161tina gradova i op\u0161tina izazvala veliku pa\u017enju javnosti u Srbiji.<br \/>\nPred sam polazak u Istanbul, kao odgovor na pismo koje sam uputio, pozvan sam kao pokreta\u010d inicijative od strane premijerke Vlade Srbije g-\u0111e Ane Brnabi\u0107.<br \/>\nNa ovom sastanku zamoljen sam da pre otvaranja debate o ovoj temi u Komitetu i eventualno Kongresu, sva sporna pitanja poku\u0161amo da razre\u0161imo u direktnom dijalogu predstavnika pomenutih op\u0161tina i Vlade Srbije.<br \/>\nIako dosada\u0161nja praksa kad je re\u010d o dijalogu o ovim pitanjma nije bila ohrabruju\u0107a, smatram da je korektno u\u010diniti napor i uva\u017eiti iskazanu dobru volju sa strane premijerke da se o spornim pitanjima najpre razgovara unutar institucija Srbije, a da se tek ukoliko ne bude rezultata, o na\u0161em uverenju da u Srbiji postoji ozbiljan problem kr\u0161enja standarda lokalne demokratije i ljudskih prava i sloboda razgovara na drugom nivou.<br \/>\nUz izvinjenje \u0161to sam Vam oduzeo vreme molim da primite k znanju moju poruku da je tema \u201cGradona\u010delnici pod pritiskom\u201d u vi\u0161e dr\u017eava uklju\u010duju\u0107i i Srbiju daleko najva\u017enija tema kojom Kongres i Komitet treba da se bave.<br \/>\nRekao bih da je re\u010d o temi zbog koja obuhvata kompletnu misiju Kongresa i bojim se da \u0107e i u narednim godinama biti aktuelna.<br \/>\nSolidarnost, razumevanje i podr\u0161ka Komiteta i Kongresa bi\u0107e od velikog zna\u010daja za sve one i za sve nas koji ose\u0107aju da se nalaze \u201cpod pritiskom\u201d.<br \/>\nS obzirom na navedene okolnosti smatram da danas o ovoj temi nije potrebno raspravljati u okviru dnevnog reda&#8221;<\/p>\n<p>Paunovi\u0107 je najavio da postoji mogu\u0107nost da prvi slede\u0107i redovni sastanak Komiteta za monitoring Kongresa lokalnih i regionalnih vlasti Saveta Evrope van Strazbura, koji je po planu za \u010detiri meseca, bude odr\u017ean u Srbiji. Ina\u010de, re\u010d je o redovnim sastancima od kojih se otprilike svaki drugi odr\u017eava van Strazbura u nekoj od zemalja \u010dlanica. Tako\u0111e, Paunovi\u0107 je naglasio da ,,u\u00a0me\u0111uvremenu \u0107emo se potru<span class=\"text_exposed_show\">diti da sve ono \u0161to se smatra spornim re\u0161avamo u okviru dijaloga Vlade Srbije i predstavnika lokalnih samouprava&#8221; i dodao da je za ponedeljak zakazan sastanak sa ministrom za dr\u017eavnu upravu i lokalnu samoupravu Brankom Ru\u017ei\u0107em.<\/span><\/p>\n<\/div>\n","protected":false},"excerpt":{"rendered":"<p>ISTANBUL- Izvod iz obra\u0107anja predsednika op\u0161tine Para\u0107in Sa\u0161e Paunovi\u0107a u Istanbulu na zasedanju\u00a0Komiteta za monitoring Kongresa lokalnih i regionalnih vlasti Saveta Evrope. &#8220;Po\u0161tovani \u010dlanovi Komiteta, &hellip; <\/p>\n","protected":false},"author":4,"featured_media":12762,"comment_status":"open","ping_status":"open","sticky":false,"template":"","format":"standard","meta":{"footnotes":""},"categories":[1524,2,1516,13,887,12],"tags":[2909,552],"_links":{"self":[{"href":"https:\/\/centralmedia.rs\/index.php\/wp-json\/wp\/v2\/posts\/12761"}],"collection":[{"href":"https:\/\/centralmedia.rs\/index.php\/wp-json\/wp\/v2\/posts"}],"about":[{"href":"https:\/\/centralmedia.rs\/index.php\/wp-json\/wp\/v2\/types\/post"}],"author":[{"embeddable":true,"href":"https:\/\/centralmedia.rs\/index.php\/wp-json\/wp\/v2\/users\/4"}],"replies":[{"embeddable":true,"href":"https:\/\/centralmedia.rs\/index.php\/wp-json\/wp\/v2\/comments?post=12761"}],"version-history":[{"count":1,"href":"https:\/\/centralmedia.rs\/index.php\/wp-json\/wp\/v2\/posts\/12761\/revisions"}],"predecessor-version":[{"id":12763,"href":"https:\/\/centralmedia.rs\/index.php\/wp-json\/wp\/v2\/posts\/12761\/revisions\/12763"}],"wp:featuredmedia":[{"embeddable":true,"href":"https:\/\/centralmedia.rs\/index.php\/wp-json\/wp\/v2\/media\/12762"}],"wp:attachment":[{"href":"https:\/\/centralmedia.rs\/index.php\/wp-json\/wp\/v2\/media?parent=12761"}],"wp:term":[{"taxonomy":"category","embeddable":true,"href":"https:\/\/centralmedia.rs\/index.php\/wp-json\/wp\/v2\/categories?post=12761"},{"taxonomy":"post_tag","embeddable":true,"href":"https:\/\/centralmedia.rs\/index.php\/wp-json\/wp\/v2\/tags?post=12761"}],"curies":[{"name":"wp","href":"https:\/\/api.w.org\/{rel}","templated":true}]}}