{"id":12778,"date":"2018-06-28T21:23:20","date_gmt":"2018-06-28T21:23:20","guid":{"rendered":"http:\/\/centralmedia.rs\/?p=12778"},"modified":"2018-09-01T09:34:32","modified_gmt":"2018-09-01T09:34:32","slug":"vidovdanske-svecanosti-u-cupriji-najboljim-ucenicima-urucene-nagrade-foto","status":"publish","type":"post","link":"https:\/\/centralmedia.rs\/index.php\/2018\/06\/28\/vidovdanske-svecanosti-u-cupriji-najboljim-ucenicima-urucene-nagrade-foto\/","title":{"rendered":"VIDOVDANSKE SVE\u010cANOSTI U \u0106UPRIJI &#8211; NAJBOLJIM U\u010cENICIMA URU\u010cENE NAGRADE (FOTO)"},"content":{"rendered":"<p>\u0106UPRIJA- Centralni deo Vidovdanskih sve\u010danosti u \u0106upriji odr\u017ean \u00a0je ve\u010deras u sali \u0160OMO Du\u0161an Skovran. Najboljim u\u010denicima uru\u010dene su vredne nagrade, a nagra\u0111eno je 8 \u0111aka generacije 71 vukovac, 13 u\u010denika koji su osvojili jedno od prva tri mesta na nacionalnim takmi\u010denjima i u\u010denici Doma Sre\u0107no koji su osvojili prvo mesto na Domijadi. Gradski hor Horemu Margi je uveli\u010dao Sve\u010danu akademiju, kao i pozori\u0161na predstava Vidovdan-uo\u010di boja jagodinskog Art kruga.<\/p>\n<div id='gallery-1' class='gallery galleryid-12778 gallery-columns-3 gallery-size-full'><figure class='gallery-item'>\n\t\t\t<div class='gallery-icon landscape'>\n\t\t\t\t<a href='https:\/\/centralmedia.rs\/index.php\/2018\/06\/28\/vidovdanske-svecanosti-u-cupriji-najboljim-ucenicima-urucene-nagrade-foto\/ucenici-4\/'><img loading=\"lazy\" decoding=\"async\" width=\"900\" height=\"675\" src=\"https:\/\/centralmedia.rs\/wp-content\/uploads\/2018\/06\/ucenici.jpg\" class=\"attachment-full size-full\" alt=\"\" srcset=\"https:\/\/centralmedia.rs\/wp-content\/uploads\/2018\/06\/ucenici.jpg 900w, https:\/\/centralmedia.rs\/wp-content\/uploads\/2018\/06\/ucenici-300x225.jpg 300w, https:\/\/centralmedia.rs\/wp-content\/uploads\/2018\/06\/ucenici-768x576.jpg 768w, https:\/\/centralmedia.rs\/wp-content\/uploads\/2018\/06\/ucenici-80x60.jpg 80w, https:\/\/centralmedia.rs\/wp-content\/uploads\/2018\/06\/ucenici-265x198.jpg 265w\" sizes=\"(max-width: 900px) 100vw, 900px\" \/><\/a>\n\t\t\t<\/div><\/figure><figure class='gallery-item'>\n\t\t\t<div class='gallery-icon landscape'>\n\t\t\t\t<a href='https:\/\/centralmedia.rs\/index.php\/2018\/06\/28\/vidovdanske-svecanosti-u-cupriji-najboljim-ucenicima-urucene-nagrade-foto\/ucenici-1\/'><img loading=\"lazy\" decoding=\"async\" width=\"900\" height=\"675\" src=\"https:\/\/centralmedia.rs\/wp-content\/uploads\/2018\/06\/ucenici-1.jpg\" class=\"attachment-full size-full\" alt=\"\" srcset=\"https:\/\/centralmedia.rs\/wp-content\/uploads\/2018\/06\/ucenici-1.jpg 900w, https:\/\/centralmedia.rs\/wp-content\/uploads\/2018\/06\/ucenici-1-300x225.jpg 300w, https:\/\/centralmedia.rs\/wp-content\/uploads\/2018\/06\/ucenici-1-768x576.jpg 768w, https:\/\/centralmedia.rs\/wp-content\/uploads\/2018\/06\/ucenici-1-80x60.jpg 80w, https:\/\/centralmedia.rs\/wp-content\/uploads\/2018\/06\/ucenici-1-265x198.jpg 265w\" sizes=\"(max-width: 900px) 100vw, 900px\" \/><\/a>\n\t\t\t<\/div><\/figure><figure class='gallery-item'>\n\t\t\t<div class='gallery-icon landscape'>\n\t\t\t\t<a href='https:\/\/centralmedia.rs\/index.php\/2018\/06\/28\/vidovdanske-svecanosti-u-cupriji-najboljim-ucenicima-urucene-nagrade-foto\/ucenici-doma-srecno\/'><img loading=\"lazy\" decoding=\"async\" width=\"900\" height=\"675\" src=\"https:\/\/centralmedia.rs\/wp-content\/uploads\/2018\/06\/ucenici-Doma-Srecno.jpg\" class=\"attachment-full size-full\" alt=\"\" srcset=\"https:\/\/centralmedia.rs\/wp-content\/uploads\/2018\/06\/ucenici-Doma-Srecno.jpg 900w, https:\/\/centralmedia.rs\/wp-content\/uploads\/2018\/06\/ucenici-Doma-Srecno-300x225.jpg 300w, https:\/\/centralmedia.rs\/wp-content\/uploads\/2018\/06\/ucenici-Doma-Srecno-768x576.jpg 768w, https:\/\/centralmedia.rs\/wp-content\/uploads\/2018\/06\/ucenici-Doma-Srecno-80x60.jpg 80w, https:\/\/centralmedia.rs\/wp-content\/uploads\/2018\/06\/ucenici-Doma-Srecno-265x198.jpg 265w\" sizes=\"(max-width: 900px) 100vw, 900px\" \/><\/a>\n\t\t\t<\/div><\/figure>\n\t\t<\/div>\n\n<p>-Danas obele\u017eavamo Vidovdan kada je knez Lazar ujedinio Srpki narod u borbi za slobodu i dostojanstvo. Vidovdan jeste dan velikog stradanja za Srpski narod, ali i dan velike pobede. Pokazali smo tada, kao i mnogo puta do sada, da ujedinjeni mo\u017eemo da se suprotstavimo najve\u0107im pretnjama, dobijemo najve\u0107e bitke. Istorija je pokazala da strpljenjem, istrajno\u0161\u0107u i jedinstvom mo\u017eemo da do\u0111emo do najplemenitijeg cilja a to je sloboda. Srbija se danas ponovo suo\u010dava sa svakodnevnim pretnjama i pritiscima, neprestanim provokacijama, ali na\u0161 narod uprkos tome pokazuje jedinstvo i odlu\u010dnost da sa\u010duva mir i stabilnost na\u0161e dr\u017eave.<\/p>\n<div id='gallery-2' class='gallery galleryid-12778 gallery-columns-4 gallery-size-large'><figure class='gallery-item'>\n\t\t\t<div class='gallery-icon landscape'>\n\t\t\t\t<a href='https:\/\/centralmedia.rs\/index.php\/2018\/06\/28\/vidovdanske-svecanosti-u-cupriji-najboljim-ucenicima-urucene-nagrade-foto\/vidovdan-2-2\/'><img loading=\"lazy\" decoding=\"async\" width=\"760\" height=\"570\" src=\"https:\/\/centralmedia.rs\/wp-content\/uploads\/2018\/06\/vidovdan-2.jpg\" class=\"attachment-large size-large\" alt=\"\" srcset=\"https:\/\/centralmedia.rs\/wp-content\/uploads\/2018\/06\/vidovdan-2.jpg 900w, https:\/\/centralmedia.rs\/wp-content\/uploads\/2018\/06\/vidovdan-2-300x225.jpg 300w, https:\/\/centralmedia.rs\/wp-content\/uploads\/2018\/06\/vidovdan-2-768x576.jpg 768w, https:\/\/centralmedia.rs\/wp-content\/uploads\/2018\/06\/vidovdan-2-80x60.jpg 80w, https:\/\/centralmedia.rs\/wp-content\/uploads\/2018\/06\/vidovdan-2-265x198.jpg 265w\" sizes=\"(max-width: 760px) 100vw, 760px\" \/><\/a>\n\t\t\t<\/div><\/figure><figure class='gallery-item'>\n\t\t\t<div class='gallery-icon landscape'>\n\t\t\t\t<a href='https:\/\/centralmedia.rs\/index.php\/2018\/06\/28\/vidovdanske-svecanosti-u-cupriji-najboljim-ucenicima-urucene-nagrade-foto\/vidovdan-3-2\/'><img loading=\"lazy\" decoding=\"async\" width=\"760\" height=\"570\" src=\"https:\/\/centralmedia.rs\/wp-content\/uploads\/2018\/06\/vidovdan-3.jpg\" class=\"attachment-large size-large\" alt=\"\" srcset=\"https:\/\/centralmedia.rs\/wp-content\/uploads\/2018\/06\/vidovdan-3.jpg 900w, https:\/\/centralmedia.rs\/wp-content\/uploads\/2018\/06\/vidovdan-3-300x225.jpg 300w, https:\/\/centralmedia.rs\/wp-content\/uploads\/2018\/06\/vidovdan-3-768x576.jpg 768w, https:\/\/centralmedia.rs\/wp-content\/uploads\/2018\/06\/vidovdan-3-80x60.jpg 80w, https:\/\/centralmedia.rs\/wp-content\/uploads\/2018\/06\/vidovdan-3-265x198.jpg 265w\" sizes=\"(max-width: 760px) 100vw, 760px\" \/><\/a>\n\t\t\t<\/div><\/figure><figure class='gallery-item'>\n\t\t\t<div class='gallery-icon landscape'>\n\t\t\t\t<a href='https:\/\/centralmedia.rs\/index.php\/2018\/06\/28\/vidovdanske-svecanosti-u-cupriji-najboljim-ucenicima-urucene-nagrade-foto\/vidovdan-4\/'><img loading=\"lazy\" decoding=\"async\" width=\"760\" height=\"570\" src=\"https:\/\/centralmedia.rs\/wp-content\/uploads\/2018\/06\/vidovdan-4.jpg\" class=\"attachment-large size-large\" alt=\"\" srcset=\"https:\/\/centralmedia.rs\/wp-content\/uploads\/2018\/06\/vidovdan-4.jpg 900w, https:\/\/centralmedia.rs\/wp-content\/uploads\/2018\/06\/vidovdan-4-300x225.jpg 300w, https:\/\/centralmedia.rs\/wp-content\/uploads\/2018\/06\/vidovdan-4-768x576.jpg 768w, https:\/\/centralmedia.rs\/wp-content\/uploads\/2018\/06\/vidovdan-4-80x60.jpg 80w, https:\/\/centralmedia.rs\/wp-content\/uploads\/2018\/06\/vidovdan-4-265x198.jpg 265w\" sizes=\"(max-width: 760px) 100vw, 760px\" \/><\/a>\n\t\t\t<\/div><\/figure><figure class='gallery-item'>\n\t\t\t<div class='gallery-icon landscape'>\n\t\t\t\t<a href='https:\/\/centralmedia.rs\/index.php\/2018\/06\/28\/vidovdanske-svecanosti-u-cupriji-najboljim-ucenicima-urucene-nagrade-foto\/vidovdan-1-3\/'><img loading=\"lazy\" decoding=\"async\" width=\"760\" height=\"570\" src=\"https:\/\/centralmedia.rs\/wp-content\/uploads\/2018\/06\/vidovdan-1-1.jpg\" class=\"attachment-large size-large\" alt=\"\" srcset=\"https:\/\/centralmedia.rs\/wp-content\/uploads\/2018\/06\/vidovdan-1-1.jpg 900w, https:\/\/centralmedia.rs\/wp-content\/uploads\/2018\/06\/vidovdan-1-1-300x225.jpg 300w, https:\/\/centralmedia.rs\/wp-content\/uploads\/2018\/06\/vidovdan-1-1-768x576.jpg 768w, https:\/\/centralmedia.rs\/wp-content\/uploads\/2018\/06\/vidovdan-1-1-80x60.jpg 80w, https:\/\/centralmedia.rs\/wp-content\/uploads\/2018\/06\/vidovdan-1-1-265x198.jpg 265w\" sizes=\"(max-width: 760px) 100vw, 760px\" \/><\/a>\n\t\t\t<\/div><\/figure>\n\t\t<\/div>\n\n<p>\u0106uprija je grad \u0106upri\u010dana, ali i grad onih koji se ovde \u0161koluju, rade, koji su se ovde rodili, koji vole \u0106upriju. Te\u017eak zadatak je sada pred nama, a to je oja\u010damo \u0106upriju. Da se bolje \u017eivi, da najbolji \u0111aci odu na studije i da se vrate u svoj grad, da prona\u0111u sre\u0107nu budu\u0107nost, da i oni koji se ne \u0161koluju dalje prona\u0111u sre\u0107nu budu\u0107nsot i tu stvaraju porodice, pa i oni koji prona\u0111u budu\u0107nost na drugom mestu da uvek u srcu nose svoju \u0106upriju i Srbiju, rekao je zamenik predsednika op\u0161tine Ilija Paunovi\u0107.<\/p>\n<p>Posle Sve\u010dana akademija, odr\u017ean je koncert Danice Krsti\u0107.\u00a0 Sutra od 17 sati u Domu kulture \u201eSin\u0111eli\u0107 bi\u0107e prire\u0111eno knji\u017eevno-duhovno ve\u010de u organizaciji Narodne biblioteke \u201eDu\u0161an Mati\u0107\u201c, dok \u0107e 30. juna na istom mestu od 10 do 17 sati biti odr\u017eana prva smotra tradicionalnog stvarala\u0161tva Aktiva \u017eena \u201eNa\u0161e zlatno doba\u201c.<\/p>\n","protected":false},"excerpt":{"rendered":"<p>\u0106UPRIJA- Centralni deo Vidovdanskih sve\u010danosti u \u0106upriji odr\u017ean \u00a0je ve\u010deras u sali \u0160OMO Du\u0161an Skovran. Najboljim u\u010denicima uru\u010dene su vredne nagrade, a nagra\u0111eno je 8 &hellip; <\/p>\n","protected":false},"author":4,"featured_media":12779,"comment_status":"open","ping_status":"open","sticky":false,"template":"","format":"standard","meta":{"footnotes":""},"categories":[1515,14,1524,2,887,12],"tags":[44,2990,913],"_links":{"self":[{"href":"https:\/\/centralmedia.rs\/index.php\/wp-json\/wp\/v2\/posts\/12778"}],"collection":[{"href":"https:\/\/centralmedia.rs\/index.php\/wp-json\/wp\/v2\/posts"}],"about":[{"href":"https:\/\/centralmedia.rs\/index.php\/wp-json\/wp\/v2\/types\/post"}],"author":[{"embeddable":true,"href":"https:\/\/centralmedia.rs\/index.php\/wp-json\/wp\/v2\/users\/4"}],"replies":[{"embeddable":true,"href":"https:\/\/centralmedia.rs\/index.php\/wp-json\/wp\/v2\/comments?post=12778"}],"version-history":[{"count":2,"href":"https:\/\/centralmedia.rs\/index.php\/wp-json\/wp\/v2\/posts\/12778\/revisions"}],"predecessor-version":[{"id":12788,"href":"https:\/\/centralmedia.rs\/index.php\/wp-json\/wp\/v2\/posts\/12778\/revisions\/12788"}],"wp:featuredmedia":[{"embeddable":true,"href":"https:\/\/centralmedia.rs\/index.php\/wp-json\/wp\/v2\/media\/12779"}],"wp:attachment":[{"href":"https:\/\/centralmedia.rs\/index.php\/wp-json\/wp\/v2\/media?parent=12778"}],"wp:term":[{"taxonomy":"category","embeddable":true,"href":"https:\/\/centralmedia.rs\/index.php\/wp-json\/wp\/v2\/categories?post=12778"},{"taxonomy":"post_tag","embeddable":true,"href":"https:\/\/centralmedia.rs\/index.php\/wp-json\/wp\/v2\/tags?post=12778"}],"curies":[{"name":"wp","href":"https:\/\/api.w.org\/{rel}","templated":true}]}}