{"id":12792,"date":"2018-06-29T09:15:15","date_gmt":"2018-06-29T09:15:15","guid":{"rendered":"http:\/\/centralmedia.rs\/?p=12792"},"modified":"2018-06-29T09:43:30","modified_gmt":"2018-06-29T09:43:30","slug":"otkazani-kocert-jelene-tomasevic-vaterpolo-utakmica-u-svilajncu","status":"publish","type":"post","link":"https:\/\/centralmedia.rs\/index.php\/2018\/06\/29\/otkazani-kocert-jelene-tomasevic-vaterpolo-utakmica-u-svilajncu\/","title":{"rendered":"OTKAZANI KOCERT JELENE TOMA\u0160EVI\u0106 I VATERPOLO UTAKMICA U SVILAJNCU"},"content":{"rendered":"<p>SVILAJNAC-\u00a0Koncert Jelene Toma\u0161evi\u0107 zakazan za subotu 30. jun odlo\u017een je\u00a0 zbog lo\u0161ih vremenskih prilika. Tako\u0111e, je otkazana vaterpolo utakmica zakazana za nedelju 1. juli na Gradskim bazenuma u tom gradu.<\/p>\n","protected":false},"excerpt":{"rendered":"<p>SVILAJNAC-\u00a0Koncert Jelene Toma\u0161evi\u0107 zakazan za subotu 30. jun odlo\u017een je\u00a0 zbog lo\u0161ih vremenskih prilika. Tako\u0111e, je otkazana vaterpolo utakmica zakazana za nedelju 1. juli na &hellip; <\/p>\n","protected":false},"author":4,"featured_media":12793,"comment_status":"open","ping_status":"open","sticky":false,"template":"","format":"standard","meta":{"footnotes":""},"categories":[1524,2,16,12,1517],"tags":[1018,422,38,2982],"_links":{"self":[{"href":"https:\/\/centralmedia.rs\/index.php\/wp-json\/wp\/v2\/posts\/12792"}],"collection":[{"href":"https:\/\/centralmedia.rs\/index.php\/wp-json\/wp\/v2\/posts"}],"about":[{"href":"https:\/\/centralmedia.rs\/index.php\/wp-json\/wp\/v2\/types\/post"}],"author":[{"embeddable":true,"href":"https:\/\/centralmedia.rs\/index.php\/wp-json\/wp\/v2\/users\/4"}],"replies":[{"embeddable":true,"href":"https:\/\/centralmedia.rs\/index.php\/wp-json\/wp\/v2\/comments?post=12792"}],"version-history":[{"count":2,"href":"https:\/\/centralmedia.rs\/index.php\/wp-json\/wp\/v2\/posts\/12792\/revisions"}],"predecessor-version":[{"id":12805,"href":"https:\/\/centralmedia.rs\/index.php\/wp-json\/wp\/v2\/posts\/12792\/revisions\/12805"}],"wp:featuredmedia":[{"embeddable":true,"href":"https:\/\/centralmedia.rs\/index.php\/wp-json\/wp\/v2\/media\/12793"}],"wp:attachment":[{"href":"https:\/\/centralmedia.rs\/index.php\/wp-json\/wp\/v2\/media?parent=12792"}],"wp:term":[{"taxonomy":"category","embeddable":true,"href":"https:\/\/centralmedia.rs\/index.php\/wp-json\/wp\/v2\/categories?post=12792"},{"taxonomy":"post_tag","embeddable":true,"href":"https:\/\/centralmedia.rs\/index.php\/wp-json\/wp\/v2\/tags?post=12792"}],"curies":[{"name":"wp","href":"https:\/\/api.w.org\/{rel}","templated":true}]}}