{"id":1280,"date":"2015-11-24T23:19:27","date_gmt":"2015-11-24T23:19:27","guid":{"rendered":"http:\/\/centralmedia.rs\/?p=1280"},"modified":"2015-11-24T23:20:46","modified_gmt":"2015-11-24T23:20:46","slug":"svilajnacki-pedofil-brani-se-cutanjem","status":"publish","type":"post","link":"https:\/\/centralmedia.rs\/index.php\/2015\/11\/24\/svilajnacki-pedofil-brani-se-cutanjem\/","title":{"rendered":"SVILAJNA\u010cKI PEDOFIL BRANI SE \u0106UTANJEM"},"content":{"rendered":"<p>JAGODINA-Na saslu\u0161anju u Vi\u0161em sudu u Jagodini Mali\u0161a Strainovi\u0107 (34) iz Bobova kod Svilajnca branio se \u0107utanjem, nije pokazao ni trunku kajanja zbog silovanja dvanaestogodi\u0161nje svastike. Prema preliminarnim rezultatima ginekolo\u0161kih pregleda potvr\u0111eno je silovanje devoj\u010dice, ali o\u010dekuju se i dodatne analize. Mali\u0161a S. se tereti za produ\u017eeno krivi\u010dno delo silovanja, odnosno pretpostavka je da je bilo vi\u0161e radnji u kontinuitetu prilikom izr\u0161enja silovanja.<br \/>\n    \t-Na saslu\u0161anju u sudu branio \u0107utanjem, nije izneo odbranu i odre\u0111en mu je pritvor u trajanju od mesec dana. Ina\u010de, prema izvodima iz kaznene evidencije  vi\u0161e puta je osu\u0111ivan. Re\u010d je o imovinskim krivi\u010dnim delima, odnosno obi\u010dne i te\u0161ke kra\u0111e, razbojni\u0161tva, ali i protiv prirodni blud nad starijom osobom. Robijao je vi\u0161e godina,  lice je vi\u0161estruki povratnik, ka\u017eu u istrazi.<br \/>\n\tDevoj\u010dica je medicinski zbrinuta i pregledana, sada se nalazi kod majke u Markovcu. Nalo\u017eeno je  ve\u0161ta\u010denje lekarskih izve\u0161taja i psihi\u010dkog stanja dvanaestogodi\u0161njakinje.<br \/>\n\t-Mali\u0161a je sa\u010dekao devoj\u010dicu ispred \u0161kole u Velikoj Plani i trebalo je da je vozi do njene ku\u0107e Markovcu, gde su ih \u010dekali njena sestra, a njegova vanbra\u010dna supruga, V. (19), te njihovi sinovi od dve i po i godinu i po dana, i majka.  Me\u0111utim, Mali\u0161a nije stao u Markovcu, ve\u0107 je produ\u017eio za Bobovo i odvezao je svojoj ku\u0107i. Njegova vanbra\u010dna supruga V. je preno\u0107ila u Markovcu kod majke sa dvoje dece. On se cele no\u0107i i\u017eivljavao nad devoj\u010dicom, odnosno vi\u0161e puta je silovao. Devoj\u010dica je ispri\u010dala da je Mali\u0161a uz upotrebu sile i zastra\u0161ivanjem naizmeni\u010dno silovao i spavao.  Ujutru joj je zapretio da ne pri\u010da nikome \u0161ta se dogodilo i da ka\u017ee da su kao bili kod bake. Me\u0111utim, kada je vanbra\u010dna supruga V. ujutru do\u0161ala ku\u0107i primetila je tragove po krevetu i posteljini, posumnjala je, verovatno je ranije videla naklonost Mali\u0161e prema njenoj sestri, pritisla je i dete je priznalo sve \u0161ta se dogodilo. Ona je zatim pozvala policiju, ka\u017eu Mali\u0161ine kom\u0161ije iz Bobova.<br \/>\n<figure id=\"attachment_1267\" aria-describedby=\"caption-attachment-1267\" style=\"width: 180px\" class=\"wp-caption alignnone\"><a href=\"https:\/\/centralmedia.rs\/wp-content\/uploads\/2015\/11\/malisa-strainovic-svilajnac-f.b..jpg\"><img loading=\"lazy\" decoding=\"async\" src=\"https:\/\/centralmedia.rs\/wp-content\/uploads\/2015\/11\/malisa-strainovic-svilajnac-f.b.-180x300.jpg\" alt=\"Mali\u0161a Strainovi\u0107 voleo je da glumi ,,jakog momka&quot;\" width=\"180\" height=\"300\" class=\"size-medium wp-image-1267\" srcset=\"https:\/\/centralmedia.rs\/wp-content\/uploads\/2015\/11\/malisa-strainovic-svilajnac-f.b.-180x300.jpg 180w, https:\/\/centralmedia.rs\/wp-content\/uploads\/2015\/11\/malisa-strainovic-svilajnac-f.b..jpg 576w\" sizes=\"(max-width: 180px) 100vw, 180px\" \/><\/a><figcaption id=\"caption-attachment-1267\" class=\"wp-caption-text\">Mali\u0161a Strainovi\u0107 voleo je da glumi ,,jakog momka&#8221;<\/figcaption><\/figure><br \/>\nIna\u010de, dvanaestogodi\u0161nja devoj\u010dica \u017eivi  sa majkom u Markovcu u jako te\u0161kim socijalnim uslovima, kao i komplikovanoj porodi\u010dnoj pri\u010di. Mali\u0161a je bio proletos nasilan prema vanbra\u010dnoj supruzi V., ona ga je napu\u0161tala i odlazila kod majke, ali se zatim vra\u0107ala kod njega u Bobovo. Posle toga porodica je bila pod nadzorom Centra za socijalni rad.<br \/>\n\t-Mali\u0161a je silovao pre desetak godina slabo pokretnu staricu, koja ima ku\u0107u nedaleko od njegove. Zbog toga je robijao u Zabeli, a ona je u me\u0111uvremenu preminula. Policija stalno dolazi kod njega, ispituju ga i privode. Problemati\u010dan je bio oduvek. Majka mu radi u inostranstvu, a otac je umro pro\u0161le godine. V. mu je tre\u0107a vanbra\u010dna supruga  i sa njom ima dvojicu sinova, pre nje je dovodio jo\u0161 dve devojke  u ku\u0107u, a sa jednom od njih ima dete, ka\u017eu me\u0161tani Bobova.  <\/p>\n","protected":false},"excerpt":{"rendered":"<p>JAGODINA-Na saslu\u0161anju u Vi\u0161em sudu u Jagodini Mali\u0161a Strainovi\u0107 (34) iz Bobova kod Svilajnca branio se \u0107utanjem, nije pokazao ni trunku kajanja zbog silovanja dvanaestogodi\u0161nje &hellip; <\/p>\n","protected":false},"author":4,"featured_media":1281,"comment_status":"open","ping_status":"open","sticky":false,"template":"","format":"standard","meta":{"footnotes":""},"categories":[20,2,12],"tags":[257,258,38],"_links":{"self":[{"href":"https:\/\/centralmedia.rs\/index.php\/wp-json\/wp\/v2\/posts\/1280"}],"collection":[{"href":"https:\/\/centralmedia.rs\/index.php\/wp-json\/wp\/v2\/posts"}],"about":[{"href":"https:\/\/centralmedia.rs\/index.php\/wp-json\/wp\/v2\/types\/post"}],"author":[{"embeddable":true,"href":"https:\/\/centralmedia.rs\/index.php\/wp-json\/wp\/v2\/users\/4"}],"replies":[{"embeddable":true,"href":"https:\/\/centralmedia.rs\/index.php\/wp-json\/wp\/v2\/comments?post=1280"}],"version-history":[{"count":0,"href":"https:\/\/centralmedia.rs\/index.php\/wp-json\/wp\/v2\/posts\/1280\/revisions"}],"wp:featuredmedia":[{"embeddable":true,"href":"https:\/\/centralmedia.rs\/index.php\/wp-json\/wp\/v2\/media\/1281"}],"wp:attachment":[{"href":"https:\/\/centralmedia.rs\/index.php\/wp-json\/wp\/v2\/media?parent=1280"}],"wp:term":[{"taxonomy":"category","embeddable":true,"href":"https:\/\/centralmedia.rs\/index.php\/wp-json\/wp\/v2\/categories?post=1280"},{"taxonomy":"post_tag","embeddable":true,"href":"https:\/\/centralmedia.rs\/index.php\/wp-json\/wp\/v2\/tags?post=1280"}],"curies":[{"name":"wp","href":"https:\/\/api.w.org\/{rel}","templated":true}]}}