{"id":12808,"date":"2018-06-29T15:30:29","date_gmt":"2018-06-29T15:30:29","guid":{"rendered":"http:\/\/centralmedia.rs\/?p=12808"},"modified":"2018-06-29T15:34:57","modified_gmt":"2018-06-29T15:34:57","slug":"milojevic-radojica-milosavljevic-novi-vlasnik-paracinskog-rtv-kanal-m","status":"publish","type":"post","link":"https:\/\/centralmedia.rs\/index.php\/2018\/06\/29\/milojevic-radojica-milosavljevic-novi-vlasnik-paracinskog-rtv-kanal-m\/","title":{"rendered":"RADOJICA MILOSAVLJEVI\u0106 NOVI VLASNIK PARA\u0106INSKOG RTV KANAL M?"},"content":{"rendered":"<p>PARA\u0106IN- Glavni i odgovorni urednik RTV Kanal M iz Para\u0107ina Emil Milojevi\u0107 potvrdio je da<\/p>\n<figure id=\"attachment_12809\" aria-describedby=\"caption-attachment-12809\" style=\"width: 210px\" class=\"wp-caption alignright\"><a href=\"https:\/\/centralmedia.rs\/wp-content\/uploads\/2018\/06\/emil-milojevic.jpg\"><img loading=\"lazy\" decoding=\"async\" class=\"size-medium wp-image-12809\" src=\"https:\/\/centralmedia.rs\/wp-content\/uploads\/2018\/06\/emil-milojevic-210x300.jpg\" alt=\"\" width=\"210\" height=\"300\" srcset=\"https:\/\/centralmedia.rs\/wp-content\/uploads\/2018\/06\/emil-milojevic-210x300.jpg 210w, https:\/\/centralmedia.rs\/wp-content\/uploads\/2018\/06\/emil-milojevic.jpg 629w\" sizes=\"(max-width: 210px) 100vw, 210px\" \/><\/a><figcaption id=\"caption-attachment-12809\" class=\"wp-caption-text\">Emil Milojevi\u0107<\/figcaption><\/figure>\n<p>je danas saop\u0161teno redakciji da je taj medij dobio novog vlasnika. On je posle toga podneo ostavku na funkciju glavnog i odgovornog urednika RTV Kanal M. Danas je u prostorijama tog medija bio Radojica Milosavljevi\u0107 iz Kru\u0161evca, koji je u privatizaciji kupio vi\u0161e medija u Srbiji, te se Milojevi\u0107 pretpostavlja da je on novi vlasnik.\u00a0\u0160iroj javnosti je postao poznat nakon \u0161to je u procesu privatizacije kupio \u010dak osam medija RT Kru\u0161evac, RT Kragujevac, TV Pirot, RT Brus, Centar za informisanje Novi Kne\u017eevac, TV Po\u017eega, RT Dimitrovgrad i RT Pan\u010devo. U RT Kragujevac privatizacija je poni\u0161tena.<\/p>\n<p>-Od subote ujutru nisam vi\u0161e urednik. Re\u010deno nam je da \u0107e zaposleni ostati na radnim mestima narednih \u0161est meseci i da \u0107e u subotu biti odr\u017ean sastanak sa predstavnicima\u00a0 novog vlasnika. Podneo sam ostavku na funkciju koju sam obavljao, ali nastavi\u0107u dalje da radim, rekao je Milojevi\u0107.<\/p>\n<figure id=\"attachment_12810\" aria-describedby=\"caption-attachment-12810\" style=\"width: 300px\" class=\"wp-caption alignright\"><a href=\"https:\/\/centralmedia.rs\/wp-content\/uploads\/2018\/06\/radiojica.jpg\"><img loading=\"lazy\" decoding=\"async\" class=\"size-medium wp-image-12810\" src=\"https:\/\/centralmedia.rs\/wp-content\/uploads\/2018\/06\/radiojica-300x168.jpg\" alt=\"\" width=\"300\" height=\"168\" srcset=\"https:\/\/centralmedia.rs\/wp-content\/uploads\/2018\/06\/radiojica-300x168.jpg 300w, https:\/\/centralmedia.rs\/wp-content\/uploads\/2018\/06\/radiojica-768x431.jpg 768w, https:\/\/centralmedia.rs\/wp-content\/uploads\/2018\/06\/radiojica.jpg 900w\" sizes=\"(max-width: 300px) 100vw, 300px\" \/><\/a><figcaption id=\"caption-attachment-12810\" class=\"wp-caption-text\">Radojica Milosavljevi\u0107 Foto: Istinomer<\/figcaption><\/figure>\n<p>Sada ve\u0107 biv\u0161i \u00a0vlasnik Kanala M Dejan Mihajlovi\u0107 uputio je saop\u0161tenje javnosti u kome isti\u010de da je danas potpisan kuporodajni ugovor o prodaji Kanala M.<\/p>\n<p>-Porodica Mihajlovi\u0107 se zahvaljuje svim gledaocima, slu\u0161aocima, klijentima i poslovnim partnerima Kanala M na poverenju i saradnji tokom proteklih 20 godina. Ovo je li\u010dna odluka vlasnika sa ciljem da se profesionalnije usmeri ka ostalim delatnostima svoje firme, stoji u saop\u0161tenju Mihalovi\u0107a koji je vlasnik Poslovnog sistema Mihalovi\u0107.<\/p>\n<p>Nadavno se upravo Poslovni sistem Mihajlovi\u0107 u pismu javnosti ogradio od postupaka lokalnog rukovodstva op\u0161tine Para\u0107in.<\/p>\n","protected":false},"excerpt":{"rendered":"<p>PARA\u0106IN- Glavni i odgovorni urednik RTV Kanal M iz Para\u0107ina Emil Milojevi\u0107 potvrdio je da je danas saop\u0161teno redakciji da je taj medij dobio novog &hellip; <\/p>\n","protected":false},"author":4,"featured_media":12580,"comment_status":"open","ping_status":"open","sticky":false,"template":"","format":"standard","meta":{"footnotes":""},"categories":[14,1524,2,1516,887,12],"tags":[2959,2994,156],"_links":{"self":[{"href":"https:\/\/centralmedia.rs\/index.php\/wp-json\/wp\/v2\/posts\/12808"}],"collection":[{"href":"https:\/\/centralmedia.rs\/index.php\/wp-json\/wp\/v2\/posts"}],"about":[{"href":"https:\/\/centralmedia.rs\/index.php\/wp-json\/wp\/v2\/types\/post"}],"author":[{"embeddable":true,"href":"https:\/\/centralmedia.rs\/index.php\/wp-json\/wp\/v2\/users\/4"}],"replies":[{"embeddable":true,"href":"https:\/\/centralmedia.rs\/index.php\/wp-json\/wp\/v2\/comments?post=12808"}],"version-history":[{"count":3,"href":"https:\/\/centralmedia.rs\/index.php\/wp-json\/wp\/v2\/posts\/12808\/revisions"}],"predecessor-version":[{"id":12813,"href":"https:\/\/centralmedia.rs\/index.php\/wp-json\/wp\/v2\/posts\/12808\/revisions\/12813"}],"wp:featuredmedia":[{"embeddable":true,"href":"https:\/\/centralmedia.rs\/index.php\/wp-json\/wp\/v2\/media\/12580"}],"wp:attachment":[{"href":"https:\/\/centralmedia.rs\/index.php\/wp-json\/wp\/v2\/media?parent=12808"}],"wp:term":[{"taxonomy":"category","embeddable":true,"href":"https:\/\/centralmedia.rs\/index.php\/wp-json\/wp\/v2\/categories?post=12808"},{"taxonomy":"post_tag","embeddable":true,"href":"https:\/\/centralmedia.rs\/index.php\/wp-json\/wp\/v2\/tags?post=12808"}],"curies":[{"name":"wp","href":"https:\/\/api.w.org\/{rel}","templated":true}]}}