{"id":12814,"date":"2018-06-29T15:58:24","date_gmt":"2018-06-29T15:58:24","guid":{"rendered":"http:\/\/centralmedia.rs\/?p=12814"},"modified":"2018-09-01T09:31:34","modified_gmt":"2018-09-01T09:31:34","slug":"povodom-30-juna-dana-opstine-cajetina-dodelila-priznanja-istaknutim-kolektivima-pojedincima","status":"publish","type":"post","link":"https:\/\/centralmedia.rs\/index.php\/2018\/06\/29\/povodom-30-juna-dana-opstine-cajetina-dodelila-priznanja-istaknutim-kolektivima-pojedincima\/","title":{"rendered":"POVODOM 30. JUNA DANA OP\u0160TINE &#8211; \u010cajetina dodelila priznanja istaknutim kolektivima i pojedincima"},"content":{"rendered":"<p>\u010cajetina- Povodom Dana op\u0161tine \u010cajetina (30. jun) i 90 godina od kada je \u010cajetina progla\u0161ena varo\u0161icom, danas su dodeljena priznanja pojedincima i kolektivima koji su, u prethodnih godinu dana, ostvarili zapa\u017eene rezultate u svojim oblastima.<\/p>\n<div id='gallery-1' class='gallery galleryid-12814 gallery-columns-2 gallery-size-full'><figure class='gallery-item'>\n\t\t\t<div class='gallery-icon landscape'>\n\t\t\t\t<a href='https:\/\/centralmedia.rs\/index.php\/2018\/06\/29\/povodom-30-juna-dana-opstine-cajetina-dodelila-priznanja-istaknutim-kolektivima-pojedincima\/svecanost\/'><img loading=\"lazy\" decoding=\"async\" width=\"900\" height=\"600\" src=\"https:\/\/centralmedia.rs\/wp-content\/uploads\/2018\/06\/svecanost.jpg\" class=\"attachment-full size-full\" alt=\"\" srcset=\"https:\/\/centralmedia.rs\/wp-content\/uploads\/2018\/06\/svecanost.jpg 900w, https:\/\/centralmedia.rs\/wp-content\/uploads\/2018\/06\/svecanost-300x200.jpg 300w, https:\/\/centralmedia.rs\/wp-content\/uploads\/2018\/06\/svecanost-768x512.jpg 768w\" sizes=\"(max-width: 900px) 100vw, 900px\" \/><\/a>\n\t\t\t<\/div><\/figure><figure class='gallery-item'>\n\t\t\t<div class='gallery-icon landscape'>\n\t\t\t\t<a href='https:\/\/centralmedia.rs\/index.php\/2018\/06\/29\/povodom-30-juna-dana-opstine-cajetina-dodelila-priznanja-istaknutim-kolektivima-pojedincima\/akademija-10\/'><img loading=\"lazy\" decoding=\"async\" width=\"900\" height=\"600\" src=\"https:\/\/centralmedia.rs\/wp-content\/uploads\/2018\/06\/akademija.jpg\" class=\"attachment-full size-full\" alt=\"\" srcset=\"https:\/\/centralmedia.rs\/wp-content\/uploads\/2018\/06\/akademija.jpg 900w, https:\/\/centralmedia.rs\/wp-content\/uploads\/2018\/06\/akademija-300x200.jpg 300w, https:\/\/centralmedia.rs\/wp-content\/uploads\/2018\/06\/akademija-768x512.jpg 768w\" sizes=\"(max-width: 900px) 100vw, 900px\" \/><\/a>\n\t\t\t<\/div><\/figure>\n\t\t<\/div>\n\n<p>Predsednik op\u0161tine \u010cajetina Milan Stamatovi\u0107 naglasio je da se lokalna samouprava opredelila da radi u op\u0161tem interesu, da razvija svoju lokalnu zajednicu, u skladu sa zakonom i jedinim postoje\u0107im Ustavom Republike Srbije, da radi u interesu gra\u0111ana koji \u017eive na teritoriji op\u0161tine \u010cajetina, brojnih turista koji ovde dolaze, kao i brojnih investitora koji ula\u017eu svoj kapital na Zlatiboru.<\/p>\n<p>\u201eMi dajemo povlastice doma\u0107im investitorima, ne dajemo strancima, ne uzimamo od vas va\u0161e prihode pa da dajemo stranim kompanijama, ne poklanjamo zemlji\u0161te stranim kompanijama. Nama investitori pla\u0107aju svoje obaveze, pla\u0107aju zemlji\u0161te i znaju to da cene kao \u0161to i mi njih cenimo zbog toga jer je to jedan zajedni\u010dki doprinos. Na\u0161a najve\u0107a investicija je \u201eGold gondola\u201c koju planiramo da zavr\u0161imo u najkra\u0107e mogu\u0107em roku\u201c naglasio je predsednik Stamatovi\u0107.<\/p>\n<p>Stamatovi\u0107 je dodao da je \u201ena\u0161a du\u017enost i obaveza da po\u0161teno, odgovorno, dostojanstveno i uz uva\u017eavanje razli\u010ditosti i postoje\u0107ih zakona radimo u op\u0161tem interesu\u201c, \u010destitaju\u0107i na kraju svim dobitnicima zaslu\u017eena priznanja.<\/p>\n<p>Priznanja op\u0161tine \u010cajetina pripala su:<\/p>\n<p>Radomiru Jankovi\u0107u iz Ro\u017eanstva, vlasniku &#8220;Mesare Jankovi\u0107&#8221;, jedne od retkih mesara koja na tr\u017ei\u0161te\u00a0plasira proizvode koji vode poreklo sa na\u0161ih prostora. Firma\u00a0 trenutno ima 22 radnika.<\/p>\n<p>Draganu Niki\u0107u iz \u010cajetine, vlasniku &#8220;Foto studija Niki\u0107&#8221;, koji postoji ve\u0107 dve decenije, kao svojevrsni hroni\u010dar de\u0161avanja u op\u0161tini.<\/p>\n<p>Petru Te\u0161i\u0107u, vlasniku firme &#8220;Gor\u0161tak&#8221; iz Brane\u0161kog Polja. otvorene 1989. godine na Tari, a koja od 2005. godine posluje u Brane\u0161kom Polju. Firma je po\u010dela sa dvojicom radnika, a sada zapo\u0161ljava 75 ljudi, koji rade na proizvodnji rezane gra\u0111e i peleta<\/p>\n<p>Dragici Bo\u017eovi\u0107, poljoprivrednom proizvo\u0111a\u010du iz Dautovca, koja trenutno brine o 10 muznih krava i dve junice. Godi\u0161nje mlekari \u201eSpasojevi\u0107\u201c preda oko 40.000 litara mleka.<\/p>\n<p>Ivanu Tmu\u0161i\u0107u, dugogodi\u0161njem kapitenu ko\u0161arka\u0161a Zlatibora. Sa kapitenskom trakom vodio je ko\u0161arka\u0161e Zlatibora do istorijskog uspeha &#8211; plasmana u najja\u010di rang srpske ko\u0161arke i na Kup Radivoja Kora\u0107a. Ko\u0161arka\u0161ki savez Srbije uru\u010dio mu je na Kupu priznanje kao igra\u010du koji je pro\u0161ao \u010detiri takmi\u010darska ranga sa istim timom.<\/p>\n<p>Vladimiru Viri\u0107u, proizvo\u0111a\u010du mleka iz Krive Reke. Porodica Viri\u0107 trenutno ima\u00a039 krava muzara, 12 priplodnih junica, ukupno 67 grla. Dnevno mlekari \u201eLazar\u201c Blace preda 630 litara mleka.<\/p>\n<p>Zahvalnice i nov\u010dane nagrade u iznosu od 30 hiljada dinara pripale su: Mariji Spaseni\u0107 (Kriva Reka), Ru\u017eici Rajakovi\u0107 (Ma\u010dkat), Veri Mla\u0111enovi\u0107 (\u010cajetina), Stojanki Grujovi\u0107 (Ma\u010dkat), Emiliji Milojevi\u0107 (\u010cajetina), Aleksandru Mari\u0107u (Ma\u010dkat), Branki Ne\u0161evi\u0107 (\u010cajetina) i Milivoju Milosavljevi\u0107u (\u0160ljivovica).<\/p>\n<p>Zahvalnica &#8220;Zoran Tmu\u0161i\u0107&#8221; za humanitarni rad pripala je beogradskoj novinarki Tamari Gruji\u0107, idejnom tvorcu emisije &#8220;S Tamarom u akciji&#8221;. Svojim dosada\u0161njim radom pomogla je renoviranje 12,300 kvadrata, ta\u010dnije 154 doma i pomogla 154 porodice &#8211; od toga 460 dece, da \u017eive u neuporedivo boljim \u017eivotnim uslovima<\/p>\n<p>Op\u0161tinske pohvalnice primili su u\u010denici: Aleksandar Vu\u010denovi\u0107 (\u0111ak generacije), Natalija Bo\u017eovi\u0107, Teodora \u017duni\u0107, Na\u0111a Radibratovi\u0107, Milica Smiljani\u0107, Milan Vojinovi\u0107, Marija Bojovi\u0107 (\u0111ak generacije), An\u0111ela Gojkovi\u0107 (\u0111ak generacije) i Katarina Nikoli\u0107. Oni su tako\u0111e dobili zlatnik sa likom Vuka Karad\u017ei\u0107a, kao i porodi\u010dne ulaznice za &#8220;Dino park&#8221;.<\/p>\n<p>&#8220;Zlatiborska povelja&#8221; pripala je Miroljubu Aleksi\u0107u, vlasniku &#8220;Alko grupacije&#8221; koja je ove godine na Zlatiboru otvorila &#8220;Grand hotel Tornik&#8221;, trenutno najve\u0107i hotel na Zlatiboru i jedini sa &#8220;pet zvezdica&#8221;, kapaciteta 357 soba i apartmana. Namera je da se u kasnijoj fazi &#8220;Grand hotelu Tornik&#8221; pridru\u017ei i &#8220;Hotel Tornik skaj&#8221; sa rotacionim restoranom i heliodromom, pa \u0107e oni zajedno predstavljati velelepnu celinu.<\/p>\n<p>U ime dobitnika Miroljub Aleksi\u0107, vlasnik \u201e Alko grupe\u201c zahvalio se na priznanju, istakav\u0161i da je \u201evrlo zadovoljan \u0161to je otvaranjem hotela na Zlatiboru dao mali doprinos razvoju jedne turisti\u010dke destinacije koja je verovatno jedna od najzna\u010dajnih, ako ne i najzna\u010dajnija u Srbiji. Sre\u0107an sam \u0161to \u0107e Zlatibor vrlo brzo dobiti i gondolu, u skorije vreme nadam se i aerodrom, auto-put, \u00a0\u0161to \u0107e stvoriti uslove za jo\u0161 ve\u0107i broj turista od trenutnih milion evidentiranih, i otvaranje Zlatibora za bogatiju turisti\u010dku klijentelu\u201c.<\/p>\n<p>Sve\u010danosti dodele priznanja zaslu\u017enima prisustvovali su, izme\u0111u ostalih. predstavnici bratskih op\u0161tina Herceg Novi, Trnovo i Lakta\u0161i, kao i ministar trgovine i turizma u Vladi Republike Srpske Ratko \u010ckonjevi\u0107.<\/p>\n<p>&nbsp;<\/p>\n<p>&nbsp;<\/p>\n","protected":false},"excerpt":{"rendered":"<p>\u010cajetina- Povodom Dana op\u0161tine \u010cajetina (30. jun) i 90 godina od kada je \u010cajetina progla\u0161ena varo\u0161icom, danas su dodeljena priznanja pojedincima i kolektivima koji su, &hellip; <\/p>\n","protected":false},"author":4,"featured_media":12815,"comment_status":"open","ping_status":"open","sticky":false,"template":"","format":"standard","meta":{"footnotes":""},"categories":[2875,14,1524,2,887,12],"tags":[2997,2996,1794,2998,2995],"_links":{"self":[{"href":"https:\/\/centralmedia.rs\/index.php\/wp-json\/wp\/v2\/posts\/12814"}],"collection":[{"href":"https:\/\/centralmedia.rs\/index.php\/wp-json\/wp\/v2\/posts"}],"about":[{"href":"https:\/\/centralmedia.rs\/index.php\/wp-json\/wp\/v2\/types\/post"}],"author":[{"embeddable":true,"href":"https:\/\/centralmedia.rs\/index.php\/wp-json\/wp\/v2\/users\/4"}],"replies":[{"embeddable":true,"href":"https:\/\/centralmedia.rs\/index.php\/wp-json\/wp\/v2\/comments?post=12814"}],"version-history":[{"count":1,"href":"https:\/\/centralmedia.rs\/index.php\/wp-json\/wp\/v2\/posts\/12814\/revisions"}],"predecessor-version":[{"id":12818,"href":"https:\/\/centralmedia.rs\/index.php\/wp-json\/wp\/v2\/posts\/12814\/revisions\/12818"}],"wp:featuredmedia":[{"embeddable":true,"href":"https:\/\/centralmedia.rs\/index.php\/wp-json\/wp\/v2\/media\/12815"}],"wp:attachment":[{"href":"https:\/\/centralmedia.rs\/index.php\/wp-json\/wp\/v2\/media?parent=12814"}],"wp:term":[{"taxonomy":"category","embeddable":true,"href":"https:\/\/centralmedia.rs\/index.php\/wp-json\/wp\/v2\/categories?post=12814"},{"taxonomy":"post_tag","embeddable":true,"href":"https:\/\/centralmedia.rs\/index.php\/wp-json\/wp\/v2\/tags?post=12814"}],"curies":[{"name":"wp","href":"https:\/\/api.w.org\/{rel}","templated":true}]}}