{"id":12827,"date":"2018-06-30T07:35:30","date_gmt":"2018-06-30T07:35:30","guid":{"rendered":"http:\/\/centralmedia.rs\/?p=12827"},"modified":"2018-09-01T09:31:06","modified_gmt":"2018-09-01T09:31:06","slug":"u-svilajnac-dolazi-ariston-napredak-u-svim-sferama-drustva","status":"publish","type":"post","link":"https:\/\/centralmedia.rs\/index.php\/2018\/06\/30\/u-svilajnac-dolazi-ariston-napredak-u-svim-sferama-drustva\/","title":{"rendered":"U SVILAJNAC DOLAZI ARISTON &#8211; Napredak u svim sferama dru\u0161tva"},"content":{"rendered":"<p>SVILAJNAC- Za godinu dana uspeli smo da uradimo velike stvari u Svilajncu, u svim sferama dru\u0161tva smo napredovali krupnim koracima, ocenio je predsednik op\u0161tine Predrag Milanovi\u0107 na Sve\u010danoj akademiji povodom Dana op\u0161tine Svilajnac.<\/p>\n<figure id=\"attachment_12832\" aria-describedby=\"caption-attachment-12832\" style=\"width: 300px\" class=\"wp-caption alignright\"><a href=\"https:\/\/centralmedia.rs\/wp-content\/uploads\/2018\/06\/ucenici-1-1.jpg\"><img loading=\"lazy\" decoding=\"async\" class=\"size-medium wp-image-12832\" src=\"https:\/\/centralmedia.rs\/wp-content\/uploads\/2018\/06\/ucenici-1-1-300x198.jpg\" alt=\"\" width=\"300\" height=\"198\" srcset=\"https:\/\/centralmedia.rs\/wp-content\/uploads\/2018\/06\/ucenici-1-1-300x198.jpg 300w, https:\/\/centralmedia.rs\/wp-content\/uploads\/2018\/06\/ucenici-1-1-768x506.jpg 768w, https:\/\/centralmedia.rs\/wp-content\/uploads\/2018\/06\/ucenici-1-1.jpg 900w\" sizes=\"(max-width: 300px) 100vw, 300px\" \/><\/a><figcaption id=\"caption-attachment-12832\" class=\"wp-caption-text\">Nagra\u0111eni u\u010denici<\/figcaption><\/figure>\n<p>-Sa jo\u0161 jednom velikom svetskom \u00a0kompanijom zavr\u0161ili smo pregovore o izgradnji fabrike. Re\u010d je o Aristonu iz Italije koji je doneo odluku da investira u Svilajncu. Slede\u0107e godine gleda\u0107emo radnike koji rade u pogonima Aristona, rekao je Milanovi\u0107.<\/p>\n<p>Pored toga, op\u0161tina Svilajnac je uputila ponudu za kupovinu zgrade biv\u0161e banke za potrebe Stanice policije. O\u010dekuje se da policija slede\u0107e godine dobije nove prostorije zahvalju\u0107i bud\u017eetu op\u0161tine Svilajnac. Problem datira iz 1956. godine i bi\u0107e re\u0161en.<\/p>\n<p>-Pokrenuli smo projekat navodnjavanja na povr\u0161ini od 3.000 hektara i mislim da \u0107emo biti me\u0111u nekoliko op\u0161tina koje rade na ovakvim projektima. Planiramo otvaranje jo\u0161 fabrika, kao i da prijatelje iz Kine ubedimo da izgrade mlekaru, pro\u0161irimo pogone i otvorimo nove. Bez privrede nema posla, nema prihoda i poreza. Za dve godine planiramo zavr\u0161etak vodosnabdevanja, unapre\u0111enje kanalizacije, obnovu svih \u0161kola kao \u0161to smo to uradili sa zdravstvnim ustanovama. Mislim da \u0107e 2020. godine Svilajnac biti spreman da u\u0111e u Evropsku uniju imaju\u0107i u vidu ispunjenje standarda \u017eivota gra\u0111ana. Na\u0161 doprinos je u tom smislu dat, istakao je Milanovi\u0107.<\/p>\n","protected":false},"excerpt":{"rendered":"<p>SVILAJNAC- Za godinu dana uspeli smo da uradimo velike stvari u Svilajncu, u svim sferama dru\u0161tva smo napredovali krupnim koracima, ocenio je predsednik op\u0161tine Predrag &hellip; <\/p>\n","protected":false},"author":4,"featured_media":12828,"comment_status":"open","ping_status":"open","sticky":false,"template":"","format":"standard","meta":{"footnotes":""},"categories":[1524,2,13,887,12,1517],"tags":[2041,39,38],"_links":{"self":[{"href":"https:\/\/centralmedia.rs\/index.php\/wp-json\/wp\/v2\/posts\/12827"}],"collection":[{"href":"https:\/\/centralmedia.rs\/index.php\/wp-json\/wp\/v2\/posts"}],"about":[{"href":"https:\/\/centralmedia.rs\/index.php\/wp-json\/wp\/v2\/types\/post"}],"author":[{"embeddable":true,"href":"https:\/\/centralmedia.rs\/index.php\/wp-json\/wp\/v2\/users\/4"}],"replies":[{"embeddable":true,"href":"https:\/\/centralmedia.rs\/index.php\/wp-json\/wp\/v2\/comments?post=12827"}],"version-history":[{"count":1,"href":"https:\/\/centralmedia.rs\/index.php\/wp-json\/wp\/v2\/posts\/12827\/revisions"}],"predecessor-version":[{"id":12833,"href":"https:\/\/centralmedia.rs\/index.php\/wp-json\/wp\/v2\/posts\/12827\/revisions\/12833"}],"wp:featuredmedia":[{"embeddable":true,"href":"https:\/\/centralmedia.rs\/index.php\/wp-json\/wp\/v2\/media\/12828"}],"wp:attachment":[{"href":"https:\/\/centralmedia.rs\/index.php\/wp-json\/wp\/v2\/media?parent=12827"}],"wp:term":[{"taxonomy":"category","embeddable":true,"href":"https:\/\/centralmedia.rs\/index.php\/wp-json\/wp\/v2\/categories?post=12827"},{"taxonomy":"post_tag","embeddable":true,"href":"https:\/\/centralmedia.rs\/index.php\/wp-json\/wp\/v2\/tags?post=12827"}],"curies":[{"name":"wp","href":"https:\/\/api.w.org\/{rel}","templated":true}]}}