{"id":1289,"date":"2015-11-25T14:01:31","date_gmt":"2015-11-25T14:01:31","guid":{"rendered":"http:\/\/centralmedia.rs\/?p=1289"},"modified":"2015-11-25T14:01:31","modified_gmt":"2015-11-25T14:01:31","slug":"gimnazijalci-ubijene-cetiri-zene-jagodina-okrece-glavu","status":"publish","type":"post","link":"https:\/\/centralmedia.rs\/index.php\/2015\/11\/25\/gimnazijalci-ubijene-cetiri-zene-jagodina-okrece-glavu\/","title":{"rendered":"GIMNAZIJALCI- UBIJENE \u010cETIRI \u017dENE, JAGODINA OKRE\u0106E GLAVU"},"content":{"rendered":"<p>JAGODINA-Dan borbe protiv nasilja nad \u017eenama prvi put su sredu u Jagodini javno u centru grada obele\u017eili \u010dlanovi gimnazijskog U\u010deni\u010dkog parlamenta.Oni su sa povezima preko o\u010diju, transparentima i drugim rekvizitima imali nameru da zaintrigiraju prolaznike i upozore ih da ne treba pre\u0107utkivati i zatvarati o\u010di pred nasiljem.<br \/>\n\t-Nad bilo kojim nasiljem ne sme se \u0107utati. Ljudi prolaze pored nas, ali niko nije stao da pita za\u0161to ovo radimo. Svi okre\u0107u glavu od nasilja i to je najve\u0107i problem. Mediji su drugi problem, jer ne pri\u010daju dovoljno o nasilju koje se de\u0161ava. Do po\u010detka novembra 33 \u017eene su ubijene u porodi\u010dnom nasilju u Srbiji, \u0161to je vi\u0161e nego za celu pro\u0161lu godinu, kada je ubijeno 27 \u017eena. U Jagodini su, od po\u010detka godine, ubijene \u010detiri \u017eene u porodi\u010dniom nasilju.  Na ovaj na\u010din \u017eelimo da ohrabrimo mlade da prijavljuju nasilje u svojim sredinama. Upu\u0107ujemo \u017ertvama nasilja ohrabrenje, jer treba da znaju da nisu sami, ka\u017ee Kristina Konovalov.<br \/>\n<a href=\"https:\/\/centralmedia.rs\/wp-content\/uploads\/2015\/11\/gimnazijski-parlament-jagodina-g.j.-1.jpg\"><img loading=\"lazy\" decoding=\"async\" src=\"https:\/\/centralmedia.rs\/wp-content\/uploads\/2015\/11\/gimnazijski-parlament-jagodina-g.j.-1-300x242.jpg\" alt=\"gimnazijski parlament-jagodina-g.j. (1)\" width=\"300\" height=\"242\" class=\"alignnone size-medium wp-image-1291\" srcset=\"https:\/\/centralmedia.rs\/wp-content\/uploads\/2015\/11\/gimnazijski-parlament-jagodina-g.j.-1-300x242.jpg 300w, https:\/\/centralmedia.rs\/wp-content\/uploads\/2015\/11\/gimnazijski-parlament-jagodina-g.j.-1.jpg 900w\" sizes=\"(max-width: 300px) 100vw, 300px\" \/><\/a><br \/>\nOna obja\u0161njava da i me\u0111u mladima ima nasilja prema \u017eenama i da, ako se ni\u0161ta ne preduzme, to mo\u017ee da preraste u vi\u0161i stepen.<br \/>\n-Me\u0111u mladima je izra\u017eeno verbalno nasilje, \u0161to mo\u017ee sa godinama  preraste u ne\u0161to vi\u0161e. Tako\u0111e, porodi\u010dno nasilje dominira me\u0111u mladom generacijom. Ne znamo za\u0161to u Jagodini nema organizacija koje bave borbom za prava \u017eena i protiv nasilja nad \u017eenama, pri\u010da Jovana Stefanovi\u0107.<br \/>\nNa\u017ealost Jagodinke i Jagodinci se nisu pridru\u017eili gimnazijalcima u borbi protiv nasilja, a frapira i podatak da u tom gradu pre nekoliko godina uga\u0161ena poslednja organizacija \u017eena koja  je brinula o \u017ertvama nasilja.<br \/>\n<a href=\"https:\/\/centralmedia.rs\/wp-content\/uploads\/2015\/11\/gimnazijski-parlament-jagodina-g.j..jpg\"><img loading=\"lazy\" decoding=\"async\" src=\"https:\/\/centralmedia.rs\/wp-content\/uploads\/2015\/11\/gimnazijski-parlament-jagodina-g.j.-300x176.jpg\" alt=\"gimnazijski parlament-jagodina-g.j.\" width=\"300\" height=\"176\" class=\"alignnone size-medium wp-image-1292\" srcset=\"https:\/\/centralmedia.rs\/wp-content\/uploads\/2015\/11\/gimnazijski-parlament-jagodina-g.j.-300x176.jpg 300w, https:\/\/centralmedia.rs\/wp-content\/uploads\/2015\/11\/gimnazijski-parlament-jagodina-g.j..jpg 900w\" sizes=\"(max-width: 300px) 100vw, 300px\" \/><\/a><\/p>\n","protected":false},"excerpt":{"rendered":"<p>JAGODINA-Dan borbe protiv nasilja nad \u017eenama prvi put su sredu u Jagodini javno u centru grada obele\u017eili \u010dlanovi gimnazijskog U\u010deni\u010dkog parlamenta.Oni su sa povezima preko &hellip; <\/p>\n","protected":false},"author":4,"featured_media":1290,"comment_status":"open","ping_status":"open","sticky":false,"template":"","format":"standard","meta":{"footnotes":""},"categories":[2,12,30],"tags":[261,58,262],"_links":{"self":[{"href":"https:\/\/centralmedia.rs\/index.php\/wp-json\/wp\/v2\/posts\/1289"}],"collection":[{"href":"https:\/\/centralmedia.rs\/index.php\/wp-json\/wp\/v2\/posts"}],"about":[{"href":"https:\/\/centralmedia.rs\/index.php\/wp-json\/wp\/v2\/types\/post"}],"author":[{"embeddable":true,"href":"https:\/\/centralmedia.rs\/index.php\/wp-json\/wp\/v2\/users\/4"}],"replies":[{"embeddable":true,"href":"https:\/\/centralmedia.rs\/index.php\/wp-json\/wp\/v2\/comments?post=1289"}],"version-history":[{"count":0,"href":"https:\/\/centralmedia.rs\/index.php\/wp-json\/wp\/v2\/posts\/1289\/revisions"}],"wp:featuredmedia":[{"embeddable":true,"href":"https:\/\/centralmedia.rs\/index.php\/wp-json\/wp\/v2\/media\/1290"}],"wp:attachment":[{"href":"https:\/\/centralmedia.rs\/index.php\/wp-json\/wp\/v2\/media?parent=1289"}],"wp:term":[{"taxonomy":"category","embeddable":true,"href":"https:\/\/centralmedia.rs\/index.php\/wp-json\/wp\/v2\/categories?post=1289"},{"taxonomy":"post_tag","embeddable":true,"href":"https:\/\/centralmedia.rs\/index.php\/wp-json\/wp\/v2\/tags?post=1289"}],"curies":[{"name":"wp","href":"https:\/\/api.w.org\/{rel}","templated":true}]}}