{"id":1325,"date":"2015-11-28T14:15:30","date_gmt":"2015-11-28T14:15:30","guid":{"rendered":"http:\/\/centralmedia.rs\/?p=1325"},"modified":"2015-11-28T14:15:30","modified_gmt":"2015-11-28T14:15:30","slug":"osveta-radnicima-za-strajk-u-andrea-konfekcione","status":"publish","type":"post","link":"https:\/\/centralmedia.rs\/index.php\/2015\/11\/28\/osveta-radnicima-za-strajk-u-andrea-konfekcione\/","title":{"rendered":"OSVETA RADNICIMA ZA \u0160TRAJK U ANDREA KONFEKCIONE"},"content":{"rendered":"<p>PODELILI 150 UPOZORENJA PRED OTKAZ<br \/>\nJAGODINA-Sindikat Nezavisnost uputio je danas saop\u0161tenje za javnost u kome upozorava da je u cilju osvete prema radnicima koji su 17. novembra u\u010destvovali u jedno\u010dasovnom \u0161trajku upozorenja, direktor fabrike \u201eConfezioni Andrea\u201c u Jagodini Darko Kiki\u0107, podelio je u petak u popodnevnim satima oko 150 upozorenja pred otkaz Ugovora o radu. Radnici su u skladu sa Zakonom o \u0161trajku u\u010destvovali u \u0161trajku upozorenja, a re\u010d je kompaniji koja je ina\u010de dobila zna\u010dajne subvencije od poreskih obveznika Srbije.<br \/>\nSindikat je pozvao ministra za rad Aleksandra Vulina,  nadle\u017ene dr\u017eavne organe, a posebno Inspektorat za rad da odmah reaguju i da zaustave osionog, bezobzirnog i bahatog poslodavca koji o\u010digledno u\u017eiva ne\u010diju politi\u010dku podr\u0161ku, kada se osmelio da po svom \u0107efu tuma\u010di i primenjuje Zakon o \u0161trajku i i izricanjem upozorenja pred otkaz Ugovora o radu, zastra\u0161uje radnike i da ih time odvra\u0107a  od njihove legitimne borbe za ostvarenje radni\u010dkih prava.<br \/>\n<a href=\"https:\/\/centralmedia.rs\/wp-content\/uploads\/2015\/11\/andrea-konfekcione-3-jagodina-g.j..jpg\"><img loading=\"lazy\" decoding=\"async\" src=\"https:\/\/centralmedia.rs\/wp-content\/uploads\/2015\/11\/andrea-konfekcione-3-jagodina-g.j.-300x175.jpg\" alt=\"andrea konfekcione 3-jagodina-g.j.\" width=\"300\" height=\"175\" class=\"alignnone size-medium wp-image-1199\" srcset=\"https:\/\/centralmedia.rs\/wp-content\/uploads\/2015\/11\/andrea-konfekcione-3-jagodina-g.j.-300x175.jpg 300w, https:\/\/centralmedia.rs\/wp-content\/uploads\/2015\/11\/andrea-konfekcione-3-jagodina-g.j.-1024x597.jpg 1024w, https:\/\/centralmedia.rs\/wp-content\/uploads\/2015\/11\/andrea-konfekcione-3-jagodina-g.j..jpg 1200w\" sizes=\"(max-width: 300px) 100vw, 300px\" \/><\/a><br \/>\n-S obzirom da Inspekcija rada u Jagodini nije imala nikakvih primedbi u vezi zakonitosti u pogledu najave i odvijanja \u0161trajka upozorenja,  od direktora Inspektorata za rad, gospodina Bojana Joci\u0107a,  tra\u017eimo da hitno reaguje slanjem inspektora u fabriku \u201eConfezioni Andrea\u201c i da se po hitnom postupku izda nalog za poni\u0161taj re\u0161enja o upozorenju pred otkaz Ugovora o radu za sve radnike kojima je takva mera izre\u010dena, zahtevaju u tom sindikatu.<br \/>\nPredigra ovako brutalnom napadu na Ustavom i zakonima zagaranatovana radni\u010dka prava,  bio je poru\u010deni tekst u listu \u201eKURIR\u201c u kome uz monstruozne la\u017ei, direktor Kiki\u0107 poku\u0161ava da diskredituje i kriminalizuje Sindikat \u201eNezavisnost\u201c, ra\u010dunaju\u0107i da \u0107e tako umanjiti sve ve\u0107e interesovanje radnika \u201eConfezioni Andrea\u201c za pristupanje u \u010dlanstvo Sindkata \u201eNezavisnost\u201c, ka\u017ee se u saop\u0161tenju sindikalaca.<br \/>\n<a href=\"https:\/\/centralmedia.rs\/wp-content\/uploads\/2015\/11\/andrea-konfekcione-1-jagodina-g.j..jpg\"><img loading=\"lazy\" decoding=\"async\" src=\"https:\/\/centralmedia.rs\/wp-content\/uploads\/2015\/11\/andrea-konfekcione-1-jagodina-g.j.-300x141.jpg\" alt=\"andrea konfekcione 1-jagodina-g.j.\" width=\"300\" height=\"141\" class=\"alignnone size-medium wp-image-1198\" srcset=\"https:\/\/centralmedia.rs\/wp-content\/uploads\/2015\/11\/andrea-konfekcione-1-jagodina-g.j.-300x141.jpg 300w, https:\/\/centralmedia.rs\/wp-content\/uploads\/2015\/11\/andrea-konfekcione-1-jagodina-g.j.-1024x481.jpg 1024w, https:\/\/centralmedia.rs\/wp-content\/uploads\/2015\/11\/andrea-konfekcione-1-jagodina-g.j..jpg 1500w\" sizes=\"(max-width: 300px) 100vw, 300px\" \/><\/a><br \/>\nGranski sindikat industrije, energije  rudarstva \u201eNezavisnost\u201c zahteva od poslovodstva \u201eConfezioni Andrea\u201c da se odmah povuku re\u0161enja o upozorenju pred otkaz Ugovora o radu za sve radnike prema kojima su takva re\u0161enja izdata i da sa predstavnicima Sindikata \u201eNezavisnost\u201c uspostavi dijalog u cilju smanjenja tenzija u kolektivu,stojin u saop\u0161tenju i upozorava da ukoliko poslodavac u \u201eConfezioni Andrea\u201c nastavi sa protivzakonitim postupcima i represalijama prema radnicima, taj sindiktat \u0107e pozvati na solidarnost radnike u Srbiji, organizovati proteste ispred fabrike i pozvati najve\u0107e evropske proizvo\u0111a\u010de automobila da bojkotuju proizvode fabrike \u201eConfezioni Andrea Serbia\u201c.<\/p>\n","protected":false},"excerpt":{"rendered":"<p>PODELILI 150 UPOZORENJA PRED OTKAZ JAGODINA-Sindikat Nezavisnost uputio je danas saop\u0161tenje za javnost u kome upozorava da je u cilju osvete prema radnicima koji su &hellip; <\/p>\n","protected":false},"author":4,"featured_media":1196,"comment_status":"open","ping_status":"open","sticky":false,"template":"","format":"standard","meta":{"footnotes":""},"categories":[14,2,12],"tags":[71,58,211],"_links":{"self":[{"href":"https:\/\/centralmedia.rs\/index.php\/wp-json\/wp\/v2\/posts\/1325"}],"collection":[{"href":"https:\/\/centralmedia.rs\/index.php\/wp-json\/wp\/v2\/posts"}],"about":[{"href":"https:\/\/centralmedia.rs\/index.php\/wp-json\/wp\/v2\/types\/post"}],"author":[{"embeddable":true,"href":"https:\/\/centralmedia.rs\/index.php\/wp-json\/wp\/v2\/users\/4"}],"replies":[{"embeddable":true,"href":"https:\/\/centralmedia.rs\/index.php\/wp-json\/wp\/v2\/comments?post=1325"}],"version-history":[{"count":0,"href":"https:\/\/centralmedia.rs\/index.php\/wp-json\/wp\/v2\/posts\/1325\/revisions"}],"wp:featuredmedia":[{"embeddable":true,"href":"https:\/\/centralmedia.rs\/index.php\/wp-json\/wp\/v2\/media\/1196"}],"wp:attachment":[{"href":"https:\/\/centralmedia.rs\/index.php\/wp-json\/wp\/v2\/media?parent=1325"}],"wp:term":[{"taxonomy":"category","embeddable":true,"href":"https:\/\/centralmedia.rs\/index.php\/wp-json\/wp\/v2\/categories?post=1325"},{"taxonomy":"post_tag","embeddable":true,"href":"https:\/\/centralmedia.rs\/index.php\/wp-json\/wp\/v2\/tags?post=1325"}],"curies":[{"name":"wp","href":"https:\/\/api.w.org\/{rel}","templated":true}]}}