{"id":1353,"date":"2015-11-30T16:12:20","date_gmt":"2015-11-30T16:12:20","guid":{"rendered":"http:\/\/centralmedia.rs\/?p=1353"},"modified":"2015-11-30T16:12:20","modified_gmt":"2015-11-30T16:12:20","slug":"inspekcija-rada-vratila-150-radnika-na-posao","status":"publish","type":"post","link":"https:\/\/centralmedia.rs\/index.php\/2015\/11\/30\/inspekcija-rada-vratila-150-radnika-na-posao\/","title":{"rendered":"INSPEKCIJA RADA VRATILA 150 RADNIKA NA POSAO"},"content":{"rendered":"<p>NEZAKONITO POSTUPANJE ANDREA KONFEKCIONI<br \/>\nJAGODINA-Direktor republi\u010dkog Inspektorata za rad Bojan Joci\u0107 izjavio je danas da je postupanje italijanske kompanije Andrea konfekcioni u Jagodini prilikom odno\u0161enja odluke o upozorenju i suspenziji 150 radnika ne zakonito.<br \/>\n-Radnici nisu primili re\u0161enja po\u0161tom i na taj na\u010din ne mo\u017ee da se otpusti 150 ljudi. Skrenuli smo pa\u017enju menad\u017ementu da \u0107emo postupati strogo u skladu sa zakonom. Rezultat razgovora je povla\u010denje odluke o otpu\u0161tanju radnika i po\u010detku socijalnog dijaloga, \u0161to je meni izuzetno drago. Radnici se od utorka vra\u0107aju na posao, isti\u010de Joci\u0107.<br \/>\n<a href=\"https:\/\/centralmedia.rs\/wp-content\/uploads\/2015\/11\/radnici-jagodina-g.j..jpg\"><img loading=\"lazy\" decoding=\"async\" src=\"https:\/\/centralmedia.rs\/wp-content\/uploads\/2015\/11\/radnici-jagodina-g.j.-300x181.jpg\" alt=\"radnici-jagodina-g.j.\" width=\"300\" height=\"181\" class=\"alignnone size-medium wp-image-1355\" srcset=\"https:\/\/centralmedia.rs\/wp-content\/uploads\/2015\/11\/radnici-jagodina-g.j.-300x181.jpg 300w, https:\/\/centralmedia.rs\/wp-content\/uploads\/2015\/11\/radnici-jagodina-g.j.-1024x617.jpg 1024w, https:\/\/centralmedia.rs\/wp-content\/uploads\/2015\/11\/radnici-jagodina-g.j..jpg 1200w\" sizes=\"(max-width: 300px) 100vw, 300px\" \/><\/a><br \/>\n         Odmah zatim, po\u010deli su pregovori sindikata i menad\u017ementa o nere\u0161enim pitanjima koja ve\u0107 dve godine pritiskaju zaposlene.<br \/>\n\t-Inspekciju u Andrea konfekcioni je li\u010dno predvodio Joci\u0107, prona\u0161li nezakonitosti u tim re\u0161enjima i kako su nas obvestili sva re\u0161enja su poni\u0161tena. Radnici od utorka ujutru mogu da se jave na posao. Najva\u017enije je da je izbegnuta radikalizacija situacije i izlazak radnika na ulice. Menad\u017eement je pristao na po\u010detka pregovora sa sindikatom. Na\u0161e zahteve za pregovorima podr\u017eao je predsednik Skup\u0161tine grada Dragan Markovi\u0107 Palma, rekao je Vesi\u0107.<br \/>\nPosle \u0161trajka upozorenja 17 novembra, menad\u017ement Andrea konfekcioni je odlu\u010dio da 150 radnika, zbog \u0161tete pri\u010dinjenje \u0161trajkom od 400 hiljada evra, uru\u010di opomene pred otkaz ugovora o radu i zabranio im ulazak u prostorije preduze\u0107a.<br \/>\n<a href=\"https:\/\/centralmedia.rs\/wp-content\/uploads\/2015\/11\/andrea-konfekcione-1-jagodina-g.j..jpg\"><img loading=\"lazy\" decoding=\"async\" src=\"https:\/\/centralmedia.rs\/wp-content\/uploads\/2015\/11\/andrea-konfekcione-1-jagodina-g.j.-300x141.jpg\" alt=\"andrea konfekcione 1-jagodina-g.j.\" width=\"300\" height=\"141\" class=\"alignnone size-medium wp-image-1198\" srcset=\"https:\/\/centralmedia.rs\/wp-content\/uploads\/2015\/11\/andrea-konfekcione-1-jagodina-g.j.-300x141.jpg 300w, https:\/\/centralmedia.rs\/wp-content\/uploads\/2015\/11\/andrea-konfekcione-1-jagodina-g.j.-1024x481.jpg 1024w, https:\/\/centralmedia.rs\/wp-content\/uploads\/2015\/11\/andrea-konfekcione-1-jagodina-g.j..jpg 1500w\" sizes=\"(max-width: 300px) 100vw, 300px\" \/><\/a><br \/>\n-Radnici koji su dobili upozorenje bi\u0107e u vrlo kratkom roku vra\u0107eni na posao, obzirom da je na sastanku mend\u017ementa Andrea konfeklcioni i predstavnika lokalne sampuprave postignut dogovor o njihovom,povratku na posao, kao i uspostavljanju dijaloga sa Sindikatom Nezavisnost o svim goru\u0107im pitanjima. \u0160teta koja je naneta fabrici meri se desetinama hiljada evra. Radnici su dobili i supspenizije sa posla do daljeg. Sve ovo je u\u010dinjeno sa \u017eeljom da se smire tenzije i da se pristupi dijalogu oko nere\u0161eniih pitanja. Oni su upozoreni na mogu\u0107i otkaz zbog nano\u0161enja \u0161tete i obustave izvoznih poslova. Inspekcija rada je utvrdila da nije bilo nikakvih nepravilnosti u radu i da nema povreda zakona, rekao je pravni zastupnik te kompanije Mi\u0161a Petrovski<br \/>\n<a href=\"https:\/\/centralmedia.rs\/wp-content\/uploads\/2015\/11\/andera-konfekcioni-jagodina-3.jpg\"><img loading=\"lazy\" decoding=\"async\" src=\"https:\/\/centralmedia.rs\/wp-content\/uploads\/2015\/11\/andera-konfekcioni-jagodina-3-300x166.jpg\" alt=\"andera konfekcioni-jagodina 3\" width=\"300\" height=\"166\" class=\"alignnone size-medium wp-image-1181\" srcset=\"https:\/\/centralmedia.rs\/wp-content\/uploads\/2015\/11\/andera-konfekcioni-jagodina-3-300x166.jpg 300w, https:\/\/centralmedia.rs\/wp-content\/uploads\/2015\/11\/andera-konfekcioni-jagodina-3-1024x566.jpg 1024w, https:\/\/centralmedia.rs\/wp-content\/uploads\/2015\/11\/andera-konfekcioni-jagodina-3.jpg 1200w\" sizes=\"(max-width: 300px) 100vw, 300px\" \/><\/a><br \/>\nRadnici su predhodno odr\u017eali zbor u zgradi Pomoravskog okruga i bili na sastanku sa predsednikom Skup\u0161tine grada Markovi\u0107em. U Andrea konfekcioni trenutno radi  650 radnika. Ta firma je dobila od dr\u017eave 9.000 evra po novootvorenom radnom mestu, odnosno oko 4,5 miliona evra.<\/p>\n","protected":false},"excerpt":{"rendered":"<p>NEZAKONITO POSTUPANJE ANDREA KONFEKCIONI JAGODINA-Direktor republi\u010dkog Inspektorata za rad Bojan Joci\u0107 izjavio je danas da je postupanje italijanske kompanije Andrea konfekcioni u Jagodini prilikom odno\u0161enja &hellip; <\/p>\n","protected":false},"author":4,"featured_media":1354,"comment_status":"open","ping_status":"open","sticky":false,"template":"","format":"standard","meta":{"footnotes":""},"categories":[22,2,12],"tags":[71,58,211],"_links":{"self":[{"href":"https:\/\/centralmedia.rs\/index.php\/wp-json\/wp\/v2\/posts\/1353"}],"collection":[{"href":"https:\/\/centralmedia.rs\/index.php\/wp-json\/wp\/v2\/posts"}],"about":[{"href":"https:\/\/centralmedia.rs\/index.php\/wp-json\/wp\/v2\/types\/post"}],"author":[{"embeddable":true,"href":"https:\/\/centralmedia.rs\/index.php\/wp-json\/wp\/v2\/users\/4"}],"replies":[{"embeddable":true,"href":"https:\/\/centralmedia.rs\/index.php\/wp-json\/wp\/v2\/comments?post=1353"}],"version-history":[{"count":0,"href":"https:\/\/centralmedia.rs\/index.php\/wp-json\/wp\/v2\/posts\/1353\/revisions"}],"wp:featuredmedia":[{"embeddable":true,"href":"https:\/\/centralmedia.rs\/index.php\/wp-json\/wp\/v2\/media\/1354"}],"wp:attachment":[{"href":"https:\/\/centralmedia.rs\/index.php\/wp-json\/wp\/v2\/media?parent=1353"}],"wp:term":[{"taxonomy":"category","embeddable":true,"href":"https:\/\/centralmedia.rs\/index.php\/wp-json\/wp\/v2\/categories?post=1353"},{"taxonomy":"post_tag","embeddable":true,"href":"https:\/\/centralmedia.rs\/index.php\/wp-json\/wp\/v2\/tags?post=1353"}],"curies":[{"name":"wp","href":"https:\/\/api.w.org\/{rel}","templated":true}]}}