{"id":1357,"date":"2015-12-01T10:20:05","date_gmt":"2015-12-01T10:20:05","guid":{"rendered":"http:\/\/centralmedia.rs\/?p=1357"},"modified":"2015-12-01T10:20:05","modified_gmt":"2015-12-01T10:20:05","slug":"koalicija-raseljenih-lica-sa-kim-zeli-u-parlament","status":"publish","type":"post","link":"https:\/\/centralmedia.rs\/index.php\/2015\/12\/01\/koalicija-raseljenih-lica-sa-kim-zeli-u-parlament\/","title":{"rendered":"KOALICIJA RASELJENIH LICA SA KIM \u017dELI U PARLAMENT"},"content":{"rendered":"<p>JAGODINA- Predsednik Koalicije raseljenih lica sa Kosova i Metohije Milo\u0161 Stojkovi\u0107 izjavio je u Jagodini  da \u0107e ta koalicija u\u010destvovati na parlamentarnim izborima u Srbiji, kada budu raspisani, po prvi put posle 15 godina od progonstva da bi se glas ljudi sa Kosmeta \u010duo u Skup\u0161tini Srbije.<br \/>\n-Na\u0161 cilj je da budemo u privremenim institucijama Kosova, kao i Evropskom parlamentu i generalno me\u0111unarodnoj zajednici predstavljamo Srbe sa Kosmeta, istakao je on i dodao da je cilj te koalicije borba za prava raseljenih u dr\u017eavnim organima u Srbiji, privremenim institucijama Kosovu i me\u0111unarodnoj zajednici, a krajnji cilj je povratak dr\u017eavnog poredka Srbije na KIM.<br \/>\n\tOn nagla\u0161ava da je minimum Srpskih interesa na Kosmetu ,,odr\u017eivi opstanak, jer se ne sme dozvoliti da se ni jedna Srpska glava iseli, da se ra\u0111aju deca, te da se poku\u0161a povratak raseljenih lica\u201c.<br \/>\n-U svesti, srcima i \u017eivotima raseljenih treba odr\u017eati \u010dinjenicu o progonstvu sa Kosmeta i da \u010dekamo bolja vremena kada \u0107emo povratiti celokupan dr\u017eavni poredak Republike Srbije na Kosmetu. Naravno, bez promene geopoliti\u010dke situacije u svetu to je nemogu\u0107e. Vlada Srbije je trasirala pozitivan put, jer je jedini mogu\u0107 kako bi ljudi opstali, jer bez ljudi na terenu nema ni pregovora, navodi on.<br \/>\nKoalicija raseljenih lica sa Kosmeta predla\u017ee Spskoj i Albanskoj strani da  nastave pregovore u Moskvi, odnosno da se obavljaju pod okriljem Ruske Federacije.<br \/>\n-Siguran sam da \u0107e biti pravednije za Srpsku, ali i Albansku stranu. Re\u0161enje Srpsko-Albanskog problema je da ni jedna strana ne bude pobednik, ne mo\u017ee jedna strana da dobije sve, a druga da ne dobije ni\u0161ta. Za Srbe, srazmeno okolnostima i problemima u kojima se nalazi dr\u017eava, bitno je da na Kosmetu odr\u017eimo \u017eive glave i da opstanemo, jer ako se Srbi isele nemamo o \u010demu da razgovaramo i pregovoramo, zaklju\u010dio je Stojkovi\u0107.<\/p>\n","protected":false},"excerpt":{"rendered":"<p>JAGODINA- Predsednik Koalicije raseljenih lica sa Kosova i Metohije Milo\u0161 Stojkovi\u0107 izjavio je u Jagodini da \u0107e ta koalicija u\u010destvovati na parlamentarnim izborima u Srbiji, &hellip; <\/p>\n","protected":false},"author":4,"featured_media":1358,"comment_status":"open","ping_status":"open","sticky":false,"template":"","format":"standard","meta":{"footnotes":""},"categories":[2,13,12],"tags":[58,280,181],"_links":{"self":[{"href":"https:\/\/centralmedia.rs\/index.php\/wp-json\/wp\/v2\/posts\/1357"}],"collection":[{"href":"https:\/\/centralmedia.rs\/index.php\/wp-json\/wp\/v2\/posts"}],"about":[{"href":"https:\/\/centralmedia.rs\/index.php\/wp-json\/wp\/v2\/types\/post"}],"author":[{"embeddable":true,"href":"https:\/\/centralmedia.rs\/index.php\/wp-json\/wp\/v2\/users\/4"}],"replies":[{"embeddable":true,"href":"https:\/\/centralmedia.rs\/index.php\/wp-json\/wp\/v2\/comments?post=1357"}],"version-history":[{"count":0,"href":"https:\/\/centralmedia.rs\/index.php\/wp-json\/wp\/v2\/posts\/1357\/revisions"}],"wp:featuredmedia":[{"embeddable":true,"href":"https:\/\/centralmedia.rs\/index.php\/wp-json\/wp\/v2\/media\/1358"}],"wp:attachment":[{"href":"https:\/\/centralmedia.rs\/index.php\/wp-json\/wp\/v2\/media?parent=1357"}],"wp:term":[{"taxonomy":"category","embeddable":true,"href":"https:\/\/centralmedia.rs\/index.php\/wp-json\/wp\/v2\/categories?post=1357"},{"taxonomy":"post_tag","embeddable":true,"href":"https:\/\/centralmedia.rs\/index.php\/wp-json\/wp\/v2\/tags?post=1357"}],"curies":[{"name":"wp","href":"https:\/\/api.w.org\/{rel}","templated":true}]}}