{"id":13575,"date":"2018-08-30T14:13:07","date_gmt":"2018-08-30T14:13:07","guid":{"rendered":"http:\/\/centralmedia.rs\/?p=13575"},"modified":"2018-09-06T21:47:20","modified_gmt":"2018-09-06T21:47:20","slug":"naucna-konferencija-filozofija-medija-mediji-i-konflikti-na-fakultetu-pedagoskih-nauka-u-jagodini-i-u-zavodu-za-proucavanje-kulturnog-razvitka-u-beogradu","status":"publish","type":"post","link":"https:\/\/centralmedia.rs\/index.php\/2018\/08\/30\/naucna-konferencija-filozofija-medija-mediji-i-konflikti-na-fakultetu-pedagoskih-nauka-u-jagodini-i-u-zavodu-za-proucavanje-kulturnog-razvitka-u-beogradu\/","title":{"rendered":"NAU\u010cNA KONFERENCIJA FILOZOFIJA MEDIJA: MEDIJI I KONFLIKTI NA FAKULTETU PEDAGO\u0160KIH NAUKA U JAGODINI I U ZAVODU ZA PROU\u010cAVANJE KULTURNOG RAZVITKA U BEOGRADU"},"content":{"rendered":"<p>JAGODINA- Na Fakultetu pedago\u0161kih nauka u Jagodini i u Zavodu za prou\u010davanje kulturnog razvitka u Beogradu, 13. i 14. septembra 2018, bi\u0107e odr\u017eana druga interdisciplinarna me\u0111unarodna nau\u010dna konferencija FILOZOFIJA MEDIJA: MEDIJI I KONFLIKTI.<\/p>\n<p>Program konferencije i sve informacije o prate\u0107im kulturno &#8211; umetni\u010dkim sadr\u017eajima, mo\u017eete prona\u0107i na oficijelnom blogu:<\/p>\n<p><a href=\"https:\/\/filozofijamedija2018.weebly.com\/\" data-ft=\"{&quot;tn&quot;:&quot;-U&quot;}\" data-lynx-mode=\"async\" data-lynx-uri=\"https:\/\/l.facebook.com\/l.php?u=https%3A%2F%2Ffilozofijamedija2018.weebly.com%2F&amp;h=AT0m8UEL9nf7_PgaNcNfMG-1fUdQYcXKHCeMKNp4uVKoqRrKRYFX1MKQj79ssHoXkNXcL_fctgjyMMXzWu0EqkaJZ_8bv1g8aQlaN4OO6cqs3L-Z8ZZGv3iNL26WhqeqVaf6bCae8p78xbgcZFcbPSRhGl0wW-9bzkRVNd0rYLdVsbREXca5NghXcBVbFrwdCpfdm7zFHSMxPHTjDqcOEgAvT584-59OtlbEaTYcigACY1hKuJp3o-jky_nzxokcl3s8QAdKMDLFJeG0EIeiXZ847R5WH3eAaxbOoRBL97XsXTC17zppf494_oxyIv9LoM9af8qgonYSuQpX_kt7ErEYNnmepg\">https:\/\/filozofijamedija2018.weebly.com\/<\/a><\/p>\n<p>U okviru prate\u0107ih sadr\u017eaja Skupa, bi\u0107e otvorene dve izlo\u017ebe umetni\u010dkih slika.<\/p>\n<p>Prvog dana na Fakultetu pedago\u0161kih nauka u Jagodini, bi\u0107e u 12 \u010dasova otvorena izlo\u017eba na\u0161eg eminentnog slikara i redovnog profesora Fakulteta primenjenih umetnosti u Beogradu, Vladislava \u0160\u0107epanovi\u0107a, a u 17 \u010dasova u Vinariji Piano, bi\u0107e otvorena izlo\u017eba slika umetni\u010dke grupe C-4 iz Beograda.<\/p>\n<p>Istog popodneva u ovoj vinariji, u\u017eivo na gramofonima nastupi\u0107e poznati beogradski DJ-evi, Neboj\u0161a Atanackovi\u0107 Jazzmate i Mili\u0107 Bugar\u010di\u0107 Spacewalker, tvorci kultne radijske etikete Balanso.<\/p>\n<p>&nbsp;<\/p>\n","protected":false},"excerpt":{"rendered":"<p>JAGODINA- Na Fakultetu pedago\u0161kih nauka u Jagodini i u Zavodu za prou\u010davanje kulturnog razvitka u Beogradu, 13. i 14. septembra 2018, bi\u0107e odr\u017eana druga interdisciplinarna &hellip; <\/p>\n","protected":false},"author":2,"featured_media":13576,"comment_status":"open","ping_status":"open","sticky":false,"template":"","format":"standard","meta":{"footnotes":""},"categories":[2,16,12],"tags":[2531,58,137],"_links":{"self":[{"href":"https:\/\/centralmedia.rs\/index.php\/wp-json\/wp\/v2\/posts\/13575"}],"collection":[{"href":"https:\/\/centralmedia.rs\/index.php\/wp-json\/wp\/v2\/posts"}],"about":[{"href":"https:\/\/centralmedia.rs\/index.php\/wp-json\/wp\/v2\/types\/post"}],"author":[{"embeddable":true,"href":"https:\/\/centralmedia.rs\/index.php\/wp-json\/wp\/v2\/users\/2"}],"replies":[{"embeddable":true,"href":"https:\/\/centralmedia.rs\/index.php\/wp-json\/wp\/v2\/comments?post=13575"}],"version-history":[{"count":1,"href":"https:\/\/centralmedia.rs\/index.php\/wp-json\/wp\/v2\/posts\/13575\/revisions"}],"predecessor-version":[{"id":13577,"href":"https:\/\/centralmedia.rs\/index.php\/wp-json\/wp\/v2\/posts\/13575\/revisions\/13577"}],"wp:featuredmedia":[{"embeddable":true,"href":"https:\/\/centralmedia.rs\/index.php\/wp-json\/wp\/v2\/media\/13576"}],"wp:attachment":[{"href":"https:\/\/centralmedia.rs\/index.php\/wp-json\/wp\/v2\/media?parent=13575"}],"wp:term":[{"taxonomy":"category","embeddable":true,"href":"https:\/\/centralmedia.rs\/index.php\/wp-json\/wp\/v2\/categories?post=13575"},{"taxonomy":"post_tag","embeddable":true,"href":"https:\/\/centralmedia.rs\/index.php\/wp-json\/wp\/v2\/tags?post=13575"}],"curies":[{"name":"wp","href":"https:\/\/api.w.org\/{rel}","templated":true}]}}