{"id":13585,"date":"2018-08-31T05:47:17","date_gmt":"2018-08-31T05:47:17","guid":{"rendered":"http:\/\/centralmedia.rs\/?p=13585"},"modified":"2018-09-01T16:04:00","modified_gmt":"2018-09-01T16:04:00","slug":"nislije-pobednici-2-dino-igara-u-prirodnjackom-centru-srbije-u-svilajncu","status":"publish","type":"post","link":"https:\/\/centralmedia.rs\/index.php\/2018\/08\/31\/nislije-pobednici-2-dino-igara-u-prirodnjackom-centru-srbije-u-svilajncu\/","title":{"rendered":"NI\u0160LIJE POBEDNICI 2. DINO IGARA U PRIRODNJA\u010cKOM CENTRU SRBIJE U SVILAJNCU"},"content":{"rendered":"<p>&nbsp;<\/p>\n<p>SVILAJNAC- Pobednici 2. \u201eDino igara bez granica 2018\u201c, koje su odr\u017eane u organizaciji Prirodnja\u010dkog centra Srbije u Svilajncu, su mali\u0161ani iz Ni\u0161a, drugo mesto osvojili su Despotov\u010dani, a tre\u0107e Beogra\u0111ani. Na Dino igrama u\u010destvovale su ekipe iz Jagodine, Kragujevca, \u0106uprije i Svilajnca. Re\u010d je o deci od prvog do \u010detvrtog razreda.<\/p>\n<p>&#8211; Pro\u0161le godine bila su deca iz regiona, a sada imamo ekipe iz Beograda i Ni\u0161a. Ideja je da se deca dru\u017ee i dobro zabave, pre po\u010detka igara obi\u0161li su Prirodnja\u010dki centar, a posle takmi\u010denja \u017eurka. Ina\u010de, Prirodnja\u010dki centar ove godine bele\u017ei pove\u0107anje broja posetilaca za 30 odsto u odnosu na prethodnu godinu. Mislim da \u0107e do kraja godine biti nastavljen taj trend, sude\u0107i po rezervacijama za septembar i oktobar. O\u010dekujemo veliki broj dece iz beogradskih pred\u0161kolskih ustanova, kazala je direktorka prof dr Sanja \u0110ur\u0111evi\u0107.<\/p>\n<div id='gallery-1' class='gallery galleryid-13585 gallery-columns-5 gallery-size-thumbnail'><figure class='gallery-item'>\n\t\t\t<div class='gallery-icon landscape'>\n\t\t\t\t<a href='https:\/\/centralmedia.rs\/index.php\/2018\/08\/31\/nislije-pobednici-2-dino-igara-u-prirodnjackom-centru-srbije-u-svilajncu\/pc4\/'><img loading=\"lazy\" decoding=\"async\" width=\"150\" height=\"150\" src=\"https:\/\/centralmedia.rs\/wp-content\/uploads\/2018\/08\/pc4-150x150.jpg\" class=\"attachment-thumbnail size-thumbnail\" alt=\"\" \/><\/a>\n\t\t\t<\/div><\/figure><figure class='gallery-item'>\n\t\t\t<div class='gallery-icon landscape'>\n\t\t\t\t<a href='https:\/\/centralmedia.rs\/index.php\/2018\/08\/31\/nislije-pobednici-2-dino-igara-u-prirodnjackom-centru-srbije-u-svilajncu\/pc5\/'><img loading=\"lazy\" decoding=\"async\" width=\"150\" height=\"150\" src=\"https:\/\/centralmedia.rs\/wp-content\/uploads\/2018\/08\/pc5-150x150.jpg\" class=\"attachment-thumbnail size-thumbnail\" alt=\"\" \/><\/a>\n\t\t\t<\/div><\/figure><figure class='gallery-item'>\n\t\t\t<div class='gallery-icon portrait'>\n\t\t\t\t<a href='https:\/\/centralmedia.rs\/index.php\/2018\/08\/31\/nislije-pobednici-2-dino-igara-u-prirodnjackom-centru-srbije-u-svilajncu\/pc3\/'><img loading=\"lazy\" decoding=\"async\" width=\"150\" height=\"150\" src=\"https:\/\/centralmedia.rs\/wp-content\/uploads\/2018\/08\/pc3-150x150.jpg\" class=\"attachment-thumbnail size-thumbnail\" alt=\"\" \/><\/a>\n\t\t\t<\/div><\/figure><figure class='gallery-item'>\n\t\t\t<div class='gallery-icon landscape'>\n\t\t\t\t<a href='https:\/\/centralmedia.rs\/index.php\/2018\/08\/31\/nislije-pobednici-2-dino-igara-u-prirodnjackom-centru-srbije-u-svilajncu\/pc1\/'><img loading=\"lazy\" decoding=\"async\" width=\"150\" height=\"150\" src=\"https:\/\/centralmedia.rs\/wp-content\/uploads\/2018\/08\/pc1-150x150.jpg\" class=\"attachment-thumbnail size-thumbnail\" alt=\"\" \/><\/a>\n\t\t\t<\/div><\/figure><figure class='gallery-item'>\n\t\t\t<div class='gallery-icon landscape'>\n\t\t\t\t<a href='https:\/\/centralmedia.rs\/index.php\/2018\/08\/31\/nislije-pobednici-2-dino-igara-u-prirodnjackom-centru-srbije-u-svilajncu\/pc\/'><img loading=\"lazy\" decoding=\"async\" width=\"150\" height=\"150\" src=\"https:\/\/centralmedia.rs\/wp-content\/uploads\/2018\/08\/pc-150x150.jpg\" class=\"attachment-thumbnail size-thumbnail\" alt=\"\" \/><\/a>\n\t\t\t<\/div><\/figure>\n\t\t<\/div>\n\n<p>U septembru \u0107e u Prirodnja\u010dkom centru biti odr\u017eano jo\u0161 nekoliko manifestacija za decu starijeg uzrasta.<\/p>\n<p>&#8211; Do 25. septembra o\u010dekuje nas jo\u0161 dva vikenda sli\u010dnih doga\u0111anja u centru. Od 10. do 12. septembra o\u010dekuje nas predstavljanje na Sajmu turizma u Moskvi. To je nama jako va\u017eno jer \u0107emo se predstaviti posetiocima iz Rusije i to ej prilika da preporu\u010dimo Resavski kraj. Mislim da prirodnja\u010dki centar ispunjava svoj cilj, koji \u0107e ostati i u naradnim godinama, a to je pove\u0107anja broja posetilaca i promocija \u00a0Svilajnca i Resavskog kraja, istakla je ona.<\/p>\n<p>Tokom septembra u tom centru \u0107e biti promovisana i digitalna \u00a0aplikacija na tri jezika tekstualno i u audio formatu.<\/p>\n<p>-Prezadovoljna, odu\u0161evljena, deca su sre\u0107ana, igraju se, dru\u017ee se i zabavljaju. Trudili smo se u igricama, ali prvo mesto nije primarno. Ovo je pravi na\u010din da aktiviramo de\u010dije potencijale, ka\u017ee profesorka \u00a0Jelena Dedei\u0107 iz Kragujevca.<\/p>\n<p>Mali takmi\u010dari su se nadmetali u osam igara razli\u010ditih sadr\u017eaja. Cilj manifestacije bio je dru\u017eenje dece iz cele Srbije na mestu koje promovi\u0161e nauku, edukaciju, a da sve bude kroz igru, zabavu i uz neka nova saznanja i prijateljstva. Ina\u010de, od po\u010detka ove godine Prirodnja\u010dki centar posetilo je oko 60.000 gra\u0111ana, letnja sezona se privodi kraju i sada nastupa jesenja sezona \u0111a\u010dkih ekskurzija.<\/p>\n<p>&nbsp;<\/p>\n<p>Program igara osmislili vaspita\u010di: IvanaManojlovi\u0107 i Stefan Lazarevi\u0107<\/p>\n<p>Program vodi: Igor Brakus, radio voditelj<\/p>\n<p>Sportske sudije: David Sin\u0111eli\u0107 i Milutin Lazarevi\u0107<\/p>\n<p>Koordinatori programa: Ivana Popovi\u0107 i Stefan Radevi\u0107<\/p>\n<p>Autor Projekta: Sanja \u0110ur\u0111evi\u0107, dr.sc.<\/p>\n<p>&nbsp;<\/p>\n<p>&nbsp;<\/p>\n","protected":false},"excerpt":{"rendered":"<p>&nbsp; SVILAJNAC- Pobednici 2. \u201eDino igara bez granica 2018\u201c, koje su odr\u017eane u organizaciji Prirodnja\u010dkog centra Srbije u Svilajncu, su mali\u0161ani iz Ni\u0161a, drugo mesto &hellip; <\/p>\n","protected":false},"author":2,"featured_media":13586,"comment_status":"open","ping_status":"open","sticky":false,"template":"","format":"standard","meta":{"footnotes":""},"categories":[14,2,887,12,1517],"tags":[359,3059,650,973,38],"_links":{"self":[{"href":"https:\/\/centralmedia.rs\/index.php\/wp-json\/wp\/v2\/posts\/13585"}],"collection":[{"href":"https:\/\/centralmedia.rs\/index.php\/wp-json\/wp\/v2\/posts"}],"about":[{"href":"https:\/\/centralmedia.rs\/index.php\/wp-json\/wp\/v2\/types\/post"}],"author":[{"embeddable":true,"href":"https:\/\/centralmedia.rs\/index.php\/wp-json\/wp\/v2\/users\/2"}],"replies":[{"embeddable":true,"href":"https:\/\/centralmedia.rs\/index.php\/wp-json\/wp\/v2\/comments?post=13585"}],"version-history":[{"count":1,"href":"https:\/\/centralmedia.rs\/index.php\/wp-json\/wp\/v2\/posts\/13585\/revisions"}],"predecessor-version":[{"id":13592,"href":"https:\/\/centralmedia.rs\/index.php\/wp-json\/wp\/v2\/posts\/13585\/revisions\/13592"}],"wp:featuredmedia":[{"embeddable":true,"href":"https:\/\/centralmedia.rs\/index.php\/wp-json\/wp\/v2\/media\/13586"}],"wp:attachment":[{"href":"https:\/\/centralmedia.rs\/index.php\/wp-json\/wp\/v2\/media?parent=13585"}],"wp:term":[{"taxonomy":"category","embeddable":true,"href":"https:\/\/centralmedia.rs\/index.php\/wp-json\/wp\/v2\/categories?post=13585"},{"taxonomy":"post_tag","embeddable":true,"href":"https:\/\/centralmedia.rs\/index.php\/wp-json\/wp\/v2\/tags?post=13585"}],"curies":[{"name":"wp","href":"https:\/\/api.w.org\/{rel}","templated":true}]}}