{"id":13593,"date":"2018-08-31T12:44:42","date_gmt":"2018-08-31T12:44:42","guid":{"rendered":"http:\/\/centralmedia.rs\/?p=13593"},"modified":"2018-09-04T13:41:05","modified_gmt":"2018-09-04T13:41:05","slug":"pocetak-dualnog-obrazovanja-u-svilajncu-potpisani-ugovori-sa-4-preduzeca","status":"publish","type":"post","link":"https:\/\/centralmedia.rs\/index.php\/2018\/08\/31\/pocetak-dualnog-obrazovanja-u-svilajncu-potpisani-ugovori-sa-4-preduzeca\/","title":{"rendered":"PO\u010cETAK DUALNOG OBRAZOVANJA U SVILAJNCU &#8211; POTPISANI UGOVORI SA 4 PREDUZE\u0106A"},"content":{"rendered":"<p>SVILAJNAC- Srednja \u0161kola Svilajnac danas je potpisala ugovore sa 4 preduze\u0107a za obavljanje stru\u010dne prakse za 21 u\u010denika, odnosno re\u010d je o po\u010detku dualnog obrazovanja u toj op\u0161tini i smerovima industrijski mehani\u010dar i bravar zavariva\u010d.<\/p>\n<div id='gallery-1' class='gallery galleryid-13593 gallery-columns-5 gallery-size-thumbnail'><figure class='gallery-item'>\n\t\t\t<div class='gallery-icon landscape'>\n\t\t\t\t<a href='https:\/\/centralmedia.rs\/index.php\/2018\/08\/31\/pocetak-dualnog-obrazovanja-u-svilajncu-potpisani-ugovori-sa-4-preduzeca\/do1\/'><img loading=\"lazy\" decoding=\"async\" width=\"150\" height=\"150\" src=\"https:\/\/centralmedia.rs\/wp-content\/uploads\/2018\/08\/do1-150x150.jpg\" class=\"attachment-thumbnail size-thumbnail\" alt=\"\" \/><\/a>\n\t\t\t<\/div><\/figure><figure class='gallery-item'>\n\t\t\t<div class='gallery-icon landscape'>\n\t\t\t\t<a href='https:\/\/centralmedia.rs\/index.php\/2018\/08\/31\/pocetak-dualnog-obrazovanja-u-svilajncu-potpisani-ugovori-sa-4-preduzeca\/do2\/'><img loading=\"lazy\" decoding=\"async\" width=\"150\" height=\"150\" src=\"https:\/\/centralmedia.rs\/wp-content\/uploads\/2018\/08\/do2-150x150.jpg\" class=\"attachment-thumbnail size-thumbnail\" alt=\"\" \/><\/a>\n\t\t\t<\/div><\/figure><figure class='gallery-item'>\n\t\t\t<div class='gallery-icon landscape'>\n\t\t\t\t<a href='https:\/\/centralmedia.rs\/index.php\/2018\/08\/31\/pocetak-dualnog-obrazovanja-u-svilajncu-potpisani-ugovori-sa-4-preduzeca\/do3\/'><img loading=\"lazy\" decoding=\"async\" width=\"150\" height=\"150\" src=\"https:\/\/centralmedia.rs\/wp-content\/uploads\/2018\/08\/do3-150x150.jpg\" class=\"attachment-thumbnail size-thumbnail\" alt=\"\" \/><\/a>\n\t\t\t<\/div><\/figure><figure class='gallery-item'>\n\t\t\t<div class='gallery-icon landscape'>\n\t\t\t\t<a href='https:\/\/centralmedia.rs\/index.php\/2018\/08\/31\/pocetak-dualnog-obrazovanja-u-svilajncu-potpisani-ugovori-sa-4-preduzeca\/do4\/'><img loading=\"lazy\" decoding=\"async\" width=\"150\" height=\"150\" src=\"https:\/\/centralmedia.rs\/wp-content\/uploads\/2018\/08\/do4-150x150.jpg\" class=\"attachment-thumbnail size-thumbnail\" alt=\"\" \/><\/a>\n\t\t\t<\/div><\/figure><figure class='gallery-item'>\n\t\t\t<div class='gallery-icon landscape'>\n\t\t\t\t<a href='https:\/\/centralmedia.rs\/index.php\/2018\/08\/31\/pocetak-dualnog-obrazovanja-u-svilajncu-potpisani-ugovori-sa-4-preduzeca\/do5\/'><img loading=\"lazy\" decoding=\"async\" width=\"150\" height=\"150\" src=\"https:\/\/centralmedia.rs\/wp-content\/uploads\/2018\/08\/do5-150x150.jpg\" class=\"attachment-thumbnail size-thumbnail\" alt=\"\" \/><\/a>\n\t\t\t<\/div><\/figure>\n\t\t<\/div>\n\n<p>&#8211; Danas smo na novom po\u010detku, pre desetak godina imali smo zadatak da obnovimo privredu i u tome smo bili uspe\u0161ni. Ali za uspe\u0161nu privredu je potrebna dobra radna snaga. Danas otvaramo mogu\u0107nost da se u\u010denici na najbolji mogu\u0107i na\u010din edukuju, obave stru\u010dnu praksu u najboljim firmama. Cilj je da firme dobiju dobre radnike, a radnici dobre poslove. Ovaj proces smo mo\u017ee da se \u0161iri, sa jedne strane \u0161iri\u0107emo privredu, a sa druge upisiva\u0107emo sve vi\u0161e dece. Ovo je \u00a0budu\u0107nost o kojoj je Svilajnac ma\u0161tao godinama i evo sada je \u017eivimo. Nadam se ne\u0107emo u budu\u0107nosti imati problem radne snage, kao i da radnici ne\u0107e imati problema da dobiju dobro pla\u0107en posao, rekao je predsednik op\u0161tine Predrag Milanovi\u0107.<\/p>\n<p>On je izjavio da je privreda op\u0161tine Svilajnac ostvarila za \u0161est meseci ove godine suficit u spoljnotrgovisnkoj razmeni u visini od 6 miliona evra.<\/p>\n<p>&#8211; Imamo ozbiljnu privredu, koja radi za strana tr\u017ei\u0161ta. Iz godinu u godinu bele\u017eimo pove\u0107anja izvoza. O\u010dekujem da se dolakom novih firmi koje su potpisale ugovore cifre bude sve vi\u0161e. Kada bi svi imali ovakve brojeve da bi Srbija bila bolje mesto za \u017eivot, mislim da svi zajedno idemo u dobrom pravcu, istakao je Milanovi\u0107.<\/p>\n<p>Direktor Privredne komore Kragujevac Predrag Lu\u010di\u0107 naglasio je da je dualno obrazovanje put ja uspehu.<\/p>\n<p>&#8211; O\u010dekujemo da se naredne godine uklju\u010di jo\u0161 kompanije, jer su svi dobitnici u ovom procesu. U\u010denici \u0107e raspolagati znanjima i ve\u0161tinama koje su u potpunosti u skladu sa potebama privrede, kompanije su u prilici da dobiju adekvatnu radnu snagu. Zna\u010dajan dobitak ostvaruje lokalna zajednica, rekao je Lu\u010di\u0107.<\/p>\n<p>&nbsp;<\/p>\n","protected":false},"excerpt":{"rendered":"<p>SVILAJNAC- Srednja \u0161kola Svilajnac danas je potpisala ugovore sa 4 preduze\u0107a za obavljanje stru\u010dne prakse za 21 u\u010denika, odnosno re\u010d je o po\u010detku dualnog obrazovanja &hellip; <\/p>\n","protected":false},"author":2,"featured_media":13594,"comment_status":"open","ping_status":"open","sticky":false,"template":"","format":"standard","meta":{"footnotes":""},"categories":[22,2,887,12,1517],"tags":[3060,3061,38],"_links":{"self":[{"href":"https:\/\/centralmedia.rs\/index.php\/wp-json\/wp\/v2\/posts\/13593"}],"collection":[{"href":"https:\/\/centralmedia.rs\/index.php\/wp-json\/wp\/v2\/posts"}],"about":[{"href":"https:\/\/centralmedia.rs\/index.php\/wp-json\/wp\/v2\/types\/post"}],"author":[{"embeddable":true,"href":"https:\/\/centralmedia.rs\/index.php\/wp-json\/wp\/v2\/users\/2"}],"replies":[{"embeddable":true,"href":"https:\/\/centralmedia.rs\/index.php\/wp-json\/wp\/v2\/comments?post=13593"}],"version-history":[{"count":1,"href":"https:\/\/centralmedia.rs\/index.php\/wp-json\/wp\/v2\/posts\/13593\/revisions"}],"predecessor-version":[{"id":13600,"href":"https:\/\/centralmedia.rs\/index.php\/wp-json\/wp\/v2\/posts\/13593\/revisions\/13600"}],"wp:featuredmedia":[{"embeddable":true,"href":"https:\/\/centralmedia.rs\/index.php\/wp-json\/wp\/v2\/media\/13594"}],"wp:attachment":[{"href":"https:\/\/centralmedia.rs\/index.php\/wp-json\/wp\/v2\/media?parent=13593"}],"wp:term":[{"taxonomy":"category","embeddable":true,"href":"https:\/\/centralmedia.rs\/index.php\/wp-json\/wp\/v2\/categories?post=13593"},{"taxonomy":"post_tag","embeddable":true,"href":"https:\/\/centralmedia.rs\/index.php\/wp-json\/wp\/v2\/tags?post=13593"}],"curies":[{"name":"wp","href":"https:\/\/api.w.org\/{rel}","templated":true}]}}