{"id":13603,"date":"2018-08-31T13:11:23","date_gmt":"2018-08-31T13:11:23","guid":{"rendered":"http:\/\/centralmedia.rs\/?p=13603"},"modified":"2018-09-06T21:46:23","modified_gmt":"2018-09-06T21:46:23","slug":"pred-polazak-u-skolu-u-svilajncu-pomoc-socijalno-ugrozenim-porodicama","status":"publish","type":"post","link":"https:\/\/centralmedia.rs\/index.php\/2018\/08\/31\/pred-polazak-u-skolu-u-svilajncu-pomoc-socijalno-ugrozenim-porodicama\/","title":{"rendered":"PRED POLAZAK U \u0160KOLU U SVILAJNCU POMO\u0106 SOCIJALNO UGRO\u017dENIM PORODICAMA"},"content":{"rendered":"<p>SVILAJNAC- Zamenica predesdnika op\u0161tine Svilajnac Dragana Radevi\u0107 danas je uru\u010dila nov\u010danu pomo\u0107 za 213. u\u010denika iz socijalno ugro\u017eenih porodica iz op\u0161tine. Pomo\u0107 u visini od 5.000 dinara je namenjena u\u010denicima \u00a0za kupovinu \u0161kolskog pribora. Ona se obratila roditeljima i podsetila da je njihova uloga da is\u0161koluju svoju decu i omogu\u0107e im na taj na\u010din da \u017eive od svog rada i zasnivaju porodice.<\/p>\n<div id='gallery-1' class='gallery galleryid-13603 gallery-columns-3 gallery-size-large'><figure class='gallery-item'>\n\t\t\t<div class='gallery-icon landscape'>\n\t\t\t\t<a href='https:\/\/centralmedia.rs\/index.php\/2018\/08\/31\/pred-polazak-u-skolu-u-svilajncu-pomoc-socijalno-ugrozenim-porodicama\/sk\/'><img loading=\"lazy\" decoding=\"async\" width=\"760\" height=\"570\" src=\"https:\/\/centralmedia.rs\/wp-content\/uploads\/2018\/08\/sk.jpg\" class=\"attachment-large size-large\" alt=\"\" srcset=\"https:\/\/centralmedia.rs\/wp-content\/uploads\/2018\/08\/sk.jpg 900w, https:\/\/centralmedia.rs\/wp-content\/uploads\/2018\/08\/sk-300x225.jpg 300w, https:\/\/centralmedia.rs\/wp-content\/uploads\/2018\/08\/sk-768x576.jpg 768w, https:\/\/centralmedia.rs\/wp-content\/uploads\/2018\/08\/sk-560x420.jpg 560w, https:\/\/centralmedia.rs\/wp-content\/uploads\/2018\/08\/sk-80x60.jpg 80w, https:\/\/centralmedia.rs\/wp-content\/uploads\/2018\/08\/sk-100x75.jpg 100w, https:\/\/centralmedia.rs\/wp-content\/uploads\/2018\/08\/sk-180x135.jpg 180w, https:\/\/centralmedia.rs\/wp-content\/uploads\/2018\/08\/sk-238x178.jpg 238w, https:\/\/centralmedia.rs\/wp-content\/uploads\/2018\/08\/sk-640x480.jpg 640w, https:\/\/centralmedia.rs\/wp-content\/uploads\/2018\/08\/sk-681x511.jpg 681w\" sizes=\"(max-width: 760px) 100vw, 760px\" \/><\/a>\n\t\t\t<\/div><\/figure><figure class='gallery-item'>\n\t\t\t<div class='gallery-icon landscape'>\n\t\t\t\t<a href='https:\/\/centralmedia.rs\/index.php\/2018\/08\/31\/pred-polazak-u-skolu-u-svilajncu-pomoc-socijalno-ugrozenim-porodicama\/sk1\/'><img loading=\"lazy\" decoding=\"async\" width=\"760\" height=\"570\" src=\"https:\/\/centralmedia.rs\/wp-content\/uploads\/2018\/08\/sk1.jpg\" class=\"attachment-large size-large\" alt=\"\" srcset=\"https:\/\/centralmedia.rs\/wp-content\/uploads\/2018\/08\/sk1.jpg 900w, https:\/\/centralmedia.rs\/wp-content\/uploads\/2018\/08\/sk1-300x225.jpg 300w, https:\/\/centralmedia.rs\/wp-content\/uploads\/2018\/08\/sk1-768x576.jpg 768w, https:\/\/centralmedia.rs\/wp-content\/uploads\/2018\/08\/sk1-560x420.jpg 560w, https:\/\/centralmedia.rs\/wp-content\/uploads\/2018\/08\/sk1-80x60.jpg 80w, https:\/\/centralmedia.rs\/wp-content\/uploads\/2018\/08\/sk1-100x75.jpg 100w, https:\/\/centralmedia.rs\/wp-content\/uploads\/2018\/08\/sk1-180x135.jpg 180w, https:\/\/centralmedia.rs\/wp-content\/uploads\/2018\/08\/sk1-238x178.jpg 238w, https:\/\/centralmedia.rs\/wp-content\/uploads\/2018\/08\/sk1-640x480.jpg 640w, https:\/\/centralmedia.rs\/wp-content\/uploads\/2018\/08\/sk1-681x511.jpg 681w\" sizes=\"(max-width: 760px) 100vw, 760px\" \/><\/a>\n\t\t\t<\/div><\/figure><figure class='gallery-item'>\n\t\t\t<div class='gallery-icon landscape'>\n\t\t\t\t<a href='https:\/\/centralmedia.rs\/index.php\/2018\/08\/31\/pred-polazak-u-skolu-u-svilajncu-pomoc-socijalno-ugrozenim-porodicama\/sk3\/'><img loading=\"lazy\" decoding=\"async\" width=\"760\" height=\"570\" src=\"https:\/\/centralmedia.rs\/wp-content\/uploads\/2018\/08\/sk3.jpg\" class=\"attachment-large size-large\" alt=\"\" srcset=\"https:\/\/centralmedia.rs\/wp-content\/uploads\/2018\/08\/sk3.jpg 900w, https:\/\/centralmedia.rs\/wp-content\/uploads\/2018\/08\/sk3-300x225.jpg 300w, https:\/\/centralmedia.rs\/wp-content\/uploads\/2018\/08\/sk3-768x576.jpg 768w, https:\/\/centralmedia.rs\/wp-content\/uploads\/2018\/08\/sk3-560x420.jpg 560w, https:\/\/centralmedia.rs\/wp-content\/uploads\/2018\/08\/sk3-80x60.jpg 80w, https:\/\/centralmedia.rs\/wp-content\/uploads\/2018\/08\/sk3-100x75.jpg 100w, https:\/\/centralmedia.rs\/wp-content\/uploads\/2018\/08\/sk3-180x135.jpg 180w, https:\/\/centralmedia.rs\/wp-content\/uploads\/2018\/08\/sk3-238x178.jpg 238w, https:\/\/centralmedia.rs\/wp-content\/uploads\/2018\/08\/sk3-640x480.jpg 640w, https:\/\/centralmedia.rs\/wp-content\/uploads\/2018\/08\/sk3-681x511.jpg 681w\" sizes=\"(max-width: 760px) 100vw, 760px\" \/><\/a>\n\t\t\t<\/div><\/figure>\n\t\t<\/div>\n\n","protected":false},"excerpt":{"rendered":"<p>SVILAJNAC- Zamenica predesdnika op\u0161tine Svilajnac Dragana Radevi\u0107 danas je uru\u010dila nov\u010danu pomo\u0107 za 213. u\u010denika iz socijalno ugro\u017eenih porodica iz op\u0161tine. Pomo\u0107 u visini od &hellip; <\/p>\n","protected":false},"author":2,"featured_media":13604,"comment_status":"open","ping_status":"open","sticky":false,"template":"","format":"standard","meta":{"footnotes":""},"categories":[14,2,12,1517],"tags":[3062,38,196],"_links":{"self":[{"href":"https:\/\/centralmedia.rs\/index.php\/wp-json\/wp\/v2\/posts\/13603"}],"collection":[{"href":"https:\/\/centralmedia.rs\/index.php\/wp-json\/wp\/v2\/posts"}],"about":[{"href":"https:\/\/centralmedia.rs\/index.php\/wp-json\/wp\/v2\/types\/post"}],"author":[{"embeddable":true,"href":"https:\/\/centralmedia.rs\/index.php\/wp-json\/wp\/v2\/users\/2"}],"replies":[{"embeddable":true,"href":"https:\/\/centralmedia.rs\/index.php\/wp-json\/wp\/v2\/comments?post=13603"}],"version-history":[{"count":1,"href":"https:\/\/centralmedia.rs\/index.php\/wp-json\/wp\/v2\/posts\/13603\/revisions"}],"predecessor-version":[{"id":13608,"href":"https:\/\/centralmedia.rs\/index.php\/wp-json\/wp\/v2\/posts\/13603\/revisions\/13608"}],"wp:featuredmedia":[{"embeddable":true,"href":"https:\/\/centralmedia.rs\/index.php\/wp-json\/wp\/v2\/media\/13604"}],"wp:attachment":[{"href":"https:\/\/centralmedia.rs\/index.php\/wp-json\/wp\/v2\/media?parent=13603"}],"wp:term":[{"taxonomy":"category","embeddable":true,"href":"https:\/\/centralmedia.rs\/index.php\/wp-json\/wp\/v2\/categories?post=13603"},{"taxonomy":"post_tag","embeddable":true,"href":"https:\/\/centralmedia.rs\/index.php\/wp-json\/wp\/v2\/tags?post=13603"}],"curies":[{"name":"wp","href":"https:\/\/api.w.org\/{rel}","templated":true}]}}