{"id":13609,"date":"2018-08-31T13:43:42","date_gmt":"2018-08-31T13:43:42","guid":{"rendered":"http:\/\/centralmedia.rs\/?p=13609"},"modified":"2018-09-01T09:35:56","modified_gmt":"2018-09-01T09:35:56","slug":"oldtajmeri-u-paracinu","status":"publish","type":"post","link":"https:\/\/centralmedia.rs\/index.php\/2018\/08\/31\/oldtajmeri-u-paracinu\/","title":{"rendered":"OLDTAJMERI U PARA\u0106INU"},"content":{"rendered":"<ol>\n<li>Medjunarodni skup oldtajmer vozila u Para\u0107inu odr\u017eava se u subotu 1. septembra kod spomenika Branku Krsmanovi\u0107u.<\/li>\n<\/ol>\n","protected":false},"excerpt":{"rendered":"<p>Medjunarodni skup oldtajmer vozila u Para\u0107inu odr\u017eava se u subotu 1. septembra kod spomenika Branku Krsmanovi\u0107u.<\/p>\n","protected":false},"author":2,"featured_media":13610,"comment_status":"open","ping_status":"open","sticky":false,"template":"","format":"standard","meta":{"footnotes":""},"categories":[29,2,23,1516,887],"tags":[3063,156],"_links":{"self":[{"href":"https:\/\/centralmedia.rs\/index.php\/wp-json\/wp\/v2\/posts\/13609"}],"collection":[{"href":"https:\/\/centralmedia.rs\/index.php\/wp-json\/wp\/v2\/posts"}],"about":[{"href":"https:\/\/centralmedia.rs\/index.php\/wp-json\/wp\/v2\/types\/post"}],"author":[{"embeddable":true,"href":"https:\/\/centralmedia.rs\/index.php\/wp-json\/wp\/v2\/users\/2"}],"replies":[{"embeddable":true,"href":"https:\/\/centralmedia.rs\/index.php\/wp-json\/wp\/v2\/comments?post=13609"}],"version-history":[{"count":1,"href":"https:\/\/centralmedia.rs\/index.php\/wp-json\/wp\/v2\/posts\/13609\/revisions"}],"predecessor-version":[{"id":13611,"href":"https:\/\/centralmedia.rs\/index.php\/wp-json\/wp\/v2\/posts\/13609\/revisions\/13611"}],"wp:featuredmedia":[{"embeddable":true,"href":"https:\/\/centralmedia.rs\/index.php\/wp-json\/wp\/v2\/media\/13610"}],"wp:attachment":[{"href":"https:\/\/centralmedia.rs\/index.php\/wp-json\/wp\/v2\/media?parent=13609"}],"wp:term":[{"taxonomy":"category","embeddable":true,"href":"https:\/\/centralmedia.rs\/index.php\/wp-json\/wp\/v2\/categories?post=13609"},{"taxonomy":"post_tag","embeddable":true,"href":"https:\/\/centralmedia.rs\/index.php\/wp-json\/wp\/v2\/tags?post=13609"}],"curies":[{"name":"wp","href":"https:\/\/api.w.org\/{rel}","templated":true}]}}