{"id":13631,"date":"2018-09-01T09:19:54","date_gmt":"2018-09-01T09:19:54","guid":{"rendered":"http:\/\/centralmedia.rs\/?p=13631"},"modified":"2018-09-01T09:21:05","modified_gmt":"2018-09-01T09:21:05","slug":"radovi-na-rekonstrukciji-osnovne-skole-u-cajetini","status":"publish","type":"post","link":"https:\/\/centralmedia.rs\/index.php\/2018\/09\/01\/radovi-na-rekonstrukciji-osnovne-skole-u-cajetini\/","title":{"rendered":"RADOVI NA REKONSTRUKCIJI OSNOVNE \u0160KOLE U \u010cAJETINI"},"content":{"rendered":"<p>Radovi na rekonstrukciji osnovne \u0161kole \u201eDimitrije Tucovi\u0107\u201c u \u010cajetini u punom su jeku. S obzirom da se bli\u017ei po\u010detak nove \u0161kolske godine odvijanje nastave bi\u0107e ote\u017eano, ali je rukovodstvo \u0161kole na\u0161lo adekvatno re\u0161enje.<\/p>\n<p><img loading=\"lazy\" decoding=\"async\" class=\"alignnone size-medium wp-image-13633\" src=\"http:\/\/centralmedia.rs\/wp-content\/uploads\/2018\/09\/Rekonstrukcijaskole_0-300x150.jpg\" alt=\"\" width=\"300\" height=\"150\" srcset=\"https:\/\/centralmedia.rs\/wp-content\/uploads\/2018\/09\/Rekonstrukcijaskole_0-300x150.jpg 300w, https:\/\/centralmedia.rs\/wp-content\/uploads\/2018\/09\/Rekonstrukcijaskole_0.jpg 550w\" sizes=\"(max-width: 300px) 100vw, 300px\" \/><\/p>\n<p>Po\u010detak nove \u0161kolske godine je na pragu, a radovi na rekonstrukciji objekta osnovne \u0161kole u \u010cajetini uveliko traju. Ono \u0161to brine \u0111ake i roditelje je kako i na koji na\u010din \u0107e se odvijati nastava jer \u0107e uslovi za rad sa decom biti ote\u017eani. Razloga za brigu nema, ka\u017ee direktorka \u0160kole Milka Vasiljevi\u0107:<br \/>\n\u201eMla\u0111i razredi \u0107e krenuti u prostorije srednje Ugostiteljsko turisti\u010dke \u0161kole, gde \u0107e poha\u0111ati nastavu u popodnevnoj smeni. Vi\u0161i razredi\u00a0 za po\u010detak \u0107e boraviti u prizemlju, pa \u0107e se po zavr\u0161etku radova preseliti u nove u\u010dionice. Ne\u0107e biti kabinetske nastave, ve\u0107 \u0107e svako odeljenje imati svoju prostoriju, a do zavr\u0161etka radova ima\u0107e samo prvu smenu\u201c.<\/p>\n<p><img loading=\"lazy\" decoding=\"async\" class=\"alignnone size-medium wp-image-13634\" src=\"http:\/\/centralmedia.rs\/wp-content\/uploads\/2018\/09\/Rekonstrukcijaskole2_1-300x169.jpg\" alt=\"\" width=\"300\" height=\"169\" \/><\/p>\n<p>Sredstva za rekonstrukciju \u0161kolskog objekta izdvojila je Kancelarija za javna ulaganja, koja je Op\u0161tini \u010cajetina odobrila sredstav u iznosu od 48 miliona dinara. Radovi su povereni firma \u201eEkspertuniverzal\u201ciz Beograda.<br \/>\n\u201eRadi se spoljna fasada koja zadovoljava termoenergetski efekat. Izolacija jke debljine 20 cm, a u pitanju je kamena vuna. Zameni\u0107e se stolarija na celom objektu. Od unutra\u0161njih radova rade se podovi, plafoni, gletuju se zidovi, radi se elektroinstalacija. Predvi\u0111ena je kompletna prekrivka objekta, bi\u0107e stavljen nov crep na celom objektu, izuzev fiskulturne sale koja je ra\u0111ena pre dve godine\u201c, dodaje Vasiljevi\u0107ka.<\/p>\n<p>Kako je definisano ugovorom radovi \u0107e trajati do kraja novembra. Svesna \u010dinjenice da na gradili\u0161tu nije lako funkcionisati, direktorka \u0160kole poziva u\u010denike, nastavnike i roditelje na razumevanje i strpljenje, kako bi po zavr\u0161etku radova u\u017eivali u utopljenom i savremeno opremljenom \u0161kolskom objektu.<\/p>\n<p><a href=\"http:\/\/www.zlatiborpress.rs\/radovi-na-rekonstrukciji-osnovne-skole-u-cajetini-video\/\">www.zlatiborpress.rs<\/a><\/p>\n<p>&nbsp;<\/p>\n","protected":false},"excerpt":{"rendered":"<p>Radovi na rekonstrukciji osnovne \u0161kole \u201eDimitrije Tucovi\u0107\u201c u \u010cajetini u punom su jeku. S obzirom da se bli\u017ei po\u010detak nove \u0161kolske godine odvijanje nastave bi\u0107e &hellip; <\/p>\n","protected":false},"author":2,"featured_media":13632,"comment_status":"open","ping_status":"open","sticky":false,"template":"","format":"standard","meta":{"footnotes":""},"categories":[2875,14,2,887,12],"tags":[2762,1280,497],"_links":{"self":[{"href":"https:\/\/centralmedia.rs\/index.php\/wp-json\/wp\/v2\/posts\/13631"}],"collection":[{"href":"https:\/\/centralmedia.rs\/index.php\/wp-json\/wp\/v2\/posts"}],"about":[{"href":"https:\/\/centralmedia.rs\/index.php\/wp-json\/wp\/v2\/types\/post"}],"author":[{"embeddable":true,"href":"https:\/\/centralmedia.rs\/index.php\/wp-json\/wp\/v2\/users\/2"}],"replies":[{"embeddable":true,"href":"https:\/\/centralmedia.rs\/index.php\/wp-json\/wp\/v2\/comments?post=13631"}],"version-history":[{"count":2,"href":"https:\/\/centralmedia.rs\/index.php\/wp-json\/wp\/v2\/posts\/13631\/revisions"}],"predecessor-version":[{"id":13636,"href":"https:\/\/centralmedia.rs\/index.php\/wp-json\/wp\/v2\/posts\/13631\/revisions\/13636"}],"wp:featuredmedia":[{"embeddable":true,"href":"https:\/\/centralmedia.rs\/index.php\/wp-json\/wp\/v2\/media\/13632"}],"wp:attachment":[{"href":"https:\/\/centralmedia.rs\/index.php\/wp-json\/wp\/v2\/media?parent=13631"}],"wp:term":[{"taxonomy":"category","embeddable":true,"href":"https:\/\/centralmedia.rs\/index.php\/wp-json\/wp\/v2\/categories?post=13631"},{"taxonomy":"post_tag","embeddable":true,"href":"https:\/\/centralmedia.rs\/index.php\/wp-json\/wp\/v2\/tags?post=13631"}],"curies":[{"name":"wp","href":"https:\/\/api.w.org\/{rel}","templated":true}]}}