{"id":13654,"date":"2018-09-01T15:57:37","date_gmt":"2018-09-01T15:57:37","guid":{"rendered":"http:\/\/centralmedia.rs\/?p=13654"},"modified":"2018-09-06T21:45:38","modified_gmt":"2018-09-06T21:45:38","slug":"papir-u-oblacima-zmajevi-leteli-pored-morave","status":"publish","type":"post","link":"https:\/\/centralmedia.rs\/index.php\/2018\/09\/01\/papir-u-oblacima-zmajevi-leteli-pored-morave\/","title":{"rendered":"PAPIR U OBLACIMA &#8211; ZMAJEVI LETELI PORED MORAVE"},"content":{"rendered":"<p>\u0106UPRIJA- Na poslednjoj likovnoj radionici ovog leta Papir u oblacima Ustanove kulture u \u0106upriji petnaestoro mali\u0161ana pravili su zmajeve od papira, ali sa decom se pri\u010dalo o ekologiji, recikla\u017ei i kako i od \u010dega nastaje papir, koliko \u0161uma treba pose\u0107i za samo jedno izdanje dnevne \u0161tampe na planeti i gde to vodi.<\/p>\n<div id='gallery-1' class='gallery galleryid-13654 gallery-columns-3 gallery-size-full'><figure class='gallery-item'>\n\t\t\t<div class='gallery-icon landscape'>\n\t\t\t\t<a href='https:\/\/centralmedia.rs\/index.php\/2018\/09\/01\/papir-u-oblacima-zmajevi-leteli-pored-morave\/zmajevi\/'><img loading=\"lazy\" decoding=\"async\" width=\"1870\" height=\"1250\" src=\"https:\/\/centralmedia.rs\/wp-content\/uploads\/2018\/09\/zmajevi.jpg\" class=\"attachment-full size-full\" alt=\"\" srcset=\"https:\/\/centralmedia.rs\/wp-content\/uploads\/2018\/09\/zmajevi.jpg 1870w, https:\/\/centralmedia.rs\/wp-content\/uploads\/2018\/09\/zmajevi-300x201.jpg 300w, https:\/\/centralmedia.rs\/wp-content\/uploads\/2018\/09\/zmajevi-768x513.jpg 768w, https:\/\/centralmedia.rs\/wp-content\/uploads\/2018\/09\/zmajevi-1024x684.jpg 1024w, https:\/\/centralmedia.rs\/wp-content\/uploads\/2018\/09\/zmajevi-628x420.jpg 628w, https:\/\/centralmedia.rs\/wp-content\/uploads\/2018\/09\/zmajevi-537x360.jpg 537w, https:\/\/centralmedia.rs\/wp-content\/uploads\/2018\/09\/zmajevi-640x428.jpg 640w, https:\/\/centralmedia.rs\/wp-content\/uploads\/2018\/09\/zmajevi-681x455.jpg 681w\" sizes=\"(max-width: 1870px) 100vw, 1870px\" \/><\/a>\n\t\t\t<\/div><\/figure><figure class='gallery-item'>\n\t\t\t<div class='gallery-icon landscape'>\n\t\t\t\t<a href='https:\/\/centralmedia.rs\/index.php\/2018\/09\/01\/papir-u-oblacima-zmajevi-leteli-pored-morave\/zmajevi-3\/'><img loading=\"lazy\" decoding=\"async\" width=\"1870\" height=\"1250\" src=\"https:\/\/centralmedia.rs\/wp-content\/uploads\/2018\/09\/zmajevi-3.jpg\" class=\"attachment-full size-full\" alt=\"\" srcset=\"https:\/\/centralmedia.rs\/wp-content\/uploads\/2018\/09\/zmajevi-3.jpg 1870w, https:\/\/centralmedia.rs\/wp-content\/uploads\/2018\/09\/zmajevi-3-300x201.jpg 300w, https:\/\/centralmedia.rs\/wp-content\/uploads\/2018\/09\/zmajevi-3-768x513.jpg 768w, https:\/\/centralmedia.rs\/wp-content\/uploads\/2018\/09\/zmajevi-3-1024x684.jpg 1024w, https:\/\/centralmedia.rs\/wp-content\/uploads\/2018\/09\/zmajevi-3-628x420.jpg 628w, https:\/\/centralmedia.rs\/wp-content\/uploads\/2018\/09\/zmajevi-3-537x360.jpg 537w, https:\/\/centralmedia.rs\/wp-content\/uploads\/2018\/09\/zmajevi-3-640x428.jpg 640w, https:\/\/centralmedia.rs\/wp-content\/uploads\/2018\/09\/zmajevi-3-681x455.jpg 681w\" sizes=\"(max-width: 1870px) 100vw, 1870px\" \/><\/a>\n\t\t\t<\/div><\/figure><figure class='gallery-item'>\n\t\t\t<div class='gallery-icon landscape'>\n\t\t\t\t<a href='https:\/\/centralmedia.rs\/index.php\/2018\/09\/01\/papir-u-oblacima-zmajevi-leteli-pored-morave\/zmajevi-2\/'><img loading=\"lazy\" decoding=\"async\" width=\"1870\" height=\"1250\" src=\"https:\/\/centralmedia.rs\/wp-content\/uploads\/2018\/09\/zmajevi-2.jpg\" class=\"attachment-full size-full\" alt=\"\" srcset=\"https:\/\/centralmedia.rs\/wp-content\/uploads\/2018\/09\/zmajevi-2.jpg 1870w, https:\/\/centralmedia.rs\/wp-content\/uploads\/2018\/09\/zmajevi-2-300x201.jpg 300w, https:\/\/centralmedia.rs\/wp-content\/uploads\/2018\/09\/zmajevi-2-768x513.jpg 768w, https:\/\/centralmedia.rs\/wp-content\/uploads\/2018\/09\/zmajevi-2-1024x684.jpg 1024w, https:\/\/centralmedia.rs\/wp-content\/uploads\/2018\/09\/zmajevi-2-628x420.jpg 628w, https:\/\/centralmedia.rs\/wp-content\/uploads\/2018\/09\/zmajevi-2-537x360.jpg 537w, https:\/\/centralmedia.rs\/wp-content\/uploads\/2018\/09\/zmajevi-2-640x428.jpg 640w, https:\/\/centralmedia.rs\/wp-content\/uploads\/2018\/09\/zmajevi-2-681x455.jpg 681w\" sizes=\"(max-width: 1870px) 100vw, 1870px\" \/><\/a>\n\t\t\t<\/div><\/figure>\n\t\t<\/div>\n\n<p>Radionicu je vodio profesor Milo\u0161 \u0110or\u0111evi\u0107. Deca su videla, probala i uspela u nameri da kreativno upotrebe materijale za koje su do sada mo\u017eda smatrali da im je mesto u kanti za otpatke. Napravljena je parada originalnih zmajeva od papira pored Morave. Zaklju\u010dak je da se likovna kreativnost, uz pravilni podsticaj, razvija kod svakog deteta i to bez obzira na prirodnu nadarenost. Preporuka za roditelje je da svoju decu \u0161to vi\u0161e podsti\u010du u pravcu razvoja likovne kreativnosti kao na\u010dina izra\u017eavanja. Porodi\u010dna aktivnost ove vrste, uz malo ma\u0161te i boja, garantuje zabavu i kvalitetno provedeno vreme.<\/p>\n","protected":false},"excerpt":{"rendered":"<p>\u0106UPRIJA- Na poslednjoj likovnoj radionici ovog leta Papir u oblacima Ustanove kulture u \u0106upriji petnaestoro mali\u0161ana pravili su zmajeve od papira, ali sa decom se &hellip; <\/p>\n","protected":false},"author":2,"featured_media":13655,"comment_status":"open","ping_status":"open","sticky":false,"template":"","format":"standard","meta":{"footnotes":""},"categories":[1515,2,15,887,12],"tags":[44,1607,3069,3070],"_links":{"self":[{"href":"https:\/\/centralmedia.rs\/index.php\/wp-json\/wp\/v2\/posts\/13654"}],"collection":[{"href":"https:\/\/centralmedia.rs\/index.php\/wp-json\/wp\/v2\/posts"}],"about":[{"href":"https:\/\/centralmedia.rs\/index.php\/wp-json\/wp\/v2\/types\/post"}],"author":[{"embeddable":true,"href":"https:\/\/centralmedia.rs\/index.php\/wp-json\/wp\/v2\/users\/2"}],"replies":[{"embeddable":true,"href":"https:\/\/centralmedia.rs\/index.php\/wp-json\/wp\/v2\/comments?post=13654"}],"version-history":[{"count":2,"href":"https:\/\/centralmedia.rs\/index.php\/wp-json\/wp\/v2\/posts\/13654\/revisions"}],"predecessor-version":[{"id":13660,"href":"https:\/\/centralmedia.rs\/index.php\/wp-json\/wp\/v2\/posts\/13654\/revisions\/13660"}],"wp:featuredmedia":[{"embeddable":true,"href":"https:\/\/centralmedia.rs\/index.php\/wp-json\/wp\/v2\/media\/13655"}],"wp:attachment":[{"href":"https:\/\/centralmedia.rs\/index.php\/wp-json\/wp\/v2\/media?parent=13654"}],"wp:term":[{"taxonomy":"category","embeddable":true,"href":"https:\/\/centralmedia.rs\/index.php\/wp-json\/wp\/v2\/categories?post=13654"},{"taxonomy":"post_tag","embeddable":true,"href":"https:\/\/centralmedia.rs\/index.php\/wp-json\/wp\/v2\/tags?post=13654"}],"curies":[{"name":"wp","href":"https:\/\/api.w.org\/{rel}","templated":true}]}}