{"id":1369,"date":"2015-12-01T15:51:34","date_gmt":"2015-12-01T15:51:34","guid":{"rendered":"http:\/\/centralmedia.rs\/?p=1369"},"modified":"2015-12-01T15:51:47","modified_gmt":"2015-12-01T15:51:47","slug":"inspekcija-vratili-radnike-na-posao-u-andrea-konfekcione","status":"publish","type":"post","link":"https:\/\/centralmedia.rs\/index.php\/2015\/12\/01\/inspekcija-vratili-radnike-na-posao-u-andrea-konfekcione\/","title":{"rendered":"INSPEKCIJA VRATILA RADNIKE NA POSAO U ANDREA KONFEKCIONE"},"content":{"rendered":"<p>NE ZAKONITA POSTUPANJA POSLODAVCA<br \/>\nBEOGRAD-Sindikat Nezavisnost saop\u0161tio je danas da je 150 radnika fabrike Andrea konfekcioni u Jagodini vra\u0107eno na posao, posle nemilih scena koje su usledile od petka kada su radnici primoravani da potpi\u0161u upozorenja pred otkaz i suspenzije. Taj sindikat je pohvalio rad direktora Inpektorata rada Bojana Joci\u0107a, jer je li\u010dno predvodio inspekciju u toj fabrici i upozorio poslodavce da prekinu sa primenom ne zakonitih radnji.<br \/>\n-Na sastanaku sidnikalaca i menad\u017ementa Andrea konfekcione dogovoreno je da se odmah poni\u0161te sva ne zankonita re\u0161enja o upozorenju pred otkaz ugovora o radu, povratak radnika na posao, isplata za dane odsustva sa posla, te  da se narednih dana razgovara o zahtevima koji su poslodavcu dostavljeni prilikom najave  \u0161trajka upozorenja 17 novembra, navodi se u saop\u0161tenju tog sindikata koje potpisao Milorad Panovi\u0107.<a href=\"https:\/\/centralmedia.rs\/wp-content\/uploads\/2015\/11\/radnici-jagodina-g.j..jpg\"><img loading=\"lazy\" decoding=\"async\" src=\"https:\/\/centralmedia.rs\/wp-content\/uploads\/2015\/11\/radnici-jagodina-g.j.-300x181.jpg\" alt=\"radnici-jagodina-g.j.\" width=\"300\" height=\"181\" class=\"alignnone size-medium wp-image-1355\" srcset=\"https:\/\/centralmedia.rs\/wp-content\/uploads\/2015\/11\/radnici-jagodina-g.j.-300x181.jpg 300w, https:\/\/centralmedia.rs\/wp-content\/uploads\/2015\/11\/radnici-jagodina-g.j.-1024x617.jpg 1024w, https:\/\/centralmedia.rs\/wp-content\/uploads\/2015\/11\/radnici-jagodina-g.j..jpg 1200w\" sizes=\"(max-width: 300px) 100vw, 300px\" \/><\/a><br \/>\n\tSindikalci su pohavlili rad direktora Inspektorata za rad Bojana Joci\u0107a, jer je ,,pravovremenim i energi\u010dnim postupanjem doprineo da menad\u017ement Andrea konfekcioni u Jagodini suspenduje re\u0161enja o upozorenjima pred otkaz Ugovora o radu i suspenzija za 150 radnika i \u010dlanova tog sindikata\u201d.<br \/>\n-Uz sugestije Joci\u0107a i narodnog poslanika Dragana Markovi\u0107a Palme odr\u017ean se sastanak sindikalaca i menad\u017eementa na kome se razgovaralo o neophodnosti uspostavljanja dobre komunikacije, unapre\u0111enja socijalnog dijaloga, koracima za prevazila\u017eenje nastalog konflikta i uspostavljanju partnerske saradnje u interesu fabrike i radnika, stoji u saop\u0161tenju.<br \/>\n<a href=\"https:\/\/centralmedia.rs\/wp-content\/uploads\/2015\/11\/andera-konfekcioni-jagodina-3.jpg\"><img loading=\"lazy\" decoding=\"async\" src=\"https:\/\/centralmedia.rs\/wp-content\/uploads\/2015\/11\/andera-konfekcioni-jagodina-3-300x166.jpg\" alt=\"andera konfekcioni-jagodina 3\" width=\"300\" height=\"166\" class=\"alignnone size-medium wp-image-1181\" srcset=\"https:\/\/centralmedia.rs\/wp-content\/uploads\/2015\/11\/andera-konfekcioni-jagodina-3-300x166.jpg 300w, https:\/\/centralmedia.rs\/wp-content\/uploads\/2015\/11\/andera-konfekcioni-jagodina-3-1024x566.jpg 1024w, https:\/\/centralmedia.rs\/wp-content\/uploads\/2015\/11\/andera-konfekcioni-jagodina-3.jpg 1200w\" sizes=\"(max-width: 300px) 100vw, 300px\" \/><\/a><br \/>\nSindikalci zaklju\u010duju da se ,,na ovom primeru ugro\u017eavanja radni\u010dkih prava u fabrici Andrea konfekcione pokazalo da sinhronizovanom akcijom sindikata i dr\u017eavnih organa mo\u017ee da se spre\u010di ugro\u017eavanje radni\u010dkih i sindikalnih prava\u201d.<\/p>\n","protected":false},"excerpt":{"rendered":"<p>NE ZAKONITA POSTUPANJA POSLODAVCA BEOGRAD-Sindikat Nezavisnost saop\u0161tio je danas da je 150 radnika fabrike Andrea konfekcioni u Jagodini vra\u0107eno na posao, posle nemilih scena koje &hellip; <\/p>\n","protected":false},"author":4,"featured_media":1354,"comment_status":"open","ping_status":"open","sticky":false,"template":"","format":"standard","meta":{"footnotes":""},"categories":[22,2,12],"tags":[71,286,287],"_links":{"self":[{"href":"https:\/\/centralmedia.rs\/index.php\/wp-json\/wp\/v2\/posts\/1369"}],"collection":[{"href":"https:\/\/centralmedia.rs\/index.php\/wp-json\/wp\/v2\/posts"}],"about":[{"href":"https:\/\/centralmedia.rs\/index.php\/wp-json\/wp\/v2\/types\/post"}],"author":[{"embeddable":true,"href":"https:\/\/centralmedia.rs\/index.php\/wp-json\/wp\/v2\/users\/4"}],"replies":[{"embeddable":true,"href":"https:\/\/centralmedia.rs\/index.php\/wp-json\/wp\/v2\/comments?post=1369"}],"version-history":[{"count":0,"href":"https:\/\/centralmedia.rs\/index.php\/wp-json\/wp\/v2\/posts\/1369\/revisions"}],"wp:featuredmedia":[{"embeddable":true,"href":"https:\/\/centralmedia.rs\/index.php\/wp-json\/wp\/v2\/media\/1354"}],"wp:attachment":[{"href":"https:\/\/centralmedia.rs\/index.php\/wp-json\/wp\/v2\/media?parent=1369"}],"wp:term":[{"taxonomy":"category","embeddable":true,"href":"https:\/\/centralmedia.rs\/index.php\/wp-json\/wp\/v2\/categories?post=1369"},{"taxonomy":"post_tag","embeddable":true,"href":"https:\/\/centralmedia.rs\/index.php\/wp-json\/wp\/v2\/tags?post=1369"}],"curies":[{"name":"wp","href":"https:\/\/api.w.org\/{rel}","templated":true}]}}