{"id":13692,"date":"2018-09-04T13:19:28","date_gmt":"2018-09-04T13:19:28","guid":{"rendered":"http:\/\/centralmedia.rs\/?p=13692"},"modified":"2018-09-09T15:27:41","modified_gmt":"2018-09-09T15:27:41","slug":"udruzenje-veterana-rata-1990-1999-iz-jagodine-obelezavanje-100-godina-od-zavrsetka-prvog-svetskog-rata","status":"publish","type":"post","link":"https:\/\/centralmedia.rs\/index.php\/2018\/09\/04\/udruzenje-veterana-rata-1990-1999-iz-jagodine-obelezavanje-100-godina-od-zavrsetka-prvog-svetskog-rata\/","title":{"rendered":"UDRU\u017dENJE VETERANA RATA 1990-1999 IZ JAGODINE &#8211; OBELE\u017dAVANJE 100 GODINA OD ZAVR\u0160ETKA PRVOG SVETSKOG RATA"},"content":{"rendered":"<p>JAGODINA- Udru\u017eenje veterana rata 1990-1999 godine iz Jagodine\u00a0 aktivno se uklju\u010dilo u obele\u017eavanje sto godina od zavr\u0161etka Prvog svetskog rata. U toku je projekat koji traje \u010detiri meseca u saradnji sa Ministarstvom za rad, bora\u010dka i socijalna pitanja, Sektor za bora\u010dku i invalidsku za\u0161titu. Deo tog projekta je polaganje venaca na spomenike palim borcima, u\u010desnicima Prvog svetskog rata. Venci su polo\u017eeni na spomenike u centru grada, u Porti Stare crkve, krajputa\u0161u kod starog Juhora i selu Duboka u manastiru Jakovi\u0107.<\/p>\n<div id='gallery-1' class='gallery galleryid-13692 gallery-columns-5 gallery-size-thumbnail'><figure class='gallery-item'>\n\t\t\t<div class='gallery-icon portrait'>\n\t\t\t\t<a href='https:\/\/centralmedia.rs\/index.php\/2018\/09\/04\/udruzenje-veterana-rata-1990-1999-iz-jagodine-obelezavanje-100-godina-od-zavrsetka-prvog-svetskog-rata\/v\/'><img loading=\"lazy\" decoding=\"async\" width=\"150\" height=\"150\" src=\"https:\/\/centralmedia.rs\/wp-content\/uploads\/2018\/09\/v-150x150.jpg\" class=\"attachment-thumbnail size-thumbnail\" alt=\"\" \/><\/a>\n\t\t\t<\/div><\/figure><figure class='gallery-item'>\n\t\t\t<div class='gallery-icon landscape'>\n\t\t\t\t<a href='https:\/\/centralmedia.rs\/index.php\/2018\/09\/04\/udruzenje-veterana-rata-1990-1999-iz-jagodine-obelezavanje-100-godina-od-zavrsetka-prvog-svetskog-rata\/v1\/'><img loading=\"lazy\" decoding=\"async\" width=\"150\" height=\"150\" src=\"https:\/\/centralmedia.rs\/wp-content\/uploads\/2018\/09\/v1-150x150.jpg\" class=\"attachment-thumbnail size-thumbnail\" alt=\"\" \/><\/a>\n\t\t\t<\/div><\/figure><figure class='gallery-item'>\n\t\t\t<div class='gallery-icon landscape'>\n\t\t\t\t<a href='https:\/\/centralmedia.rs\/index.php\/2018\/09\/04\/udruzenje-veterana-rata-1990-1999-iz-jagodine-obelezavanje-100-godina-od-zavrsetka-prvog-svetskog-rata\/v2\/'><img loading=\"lazy\" decoding=\"async\" width=\"150\" height=\"150\" src=\"https:\/\/centralmedia.rs\/wp-content\/uploads\/2018\/09\/v2-150x150.jpg\" class=\"attachment-thumbnail size-thumbnail\" alt=\"\" \/><\/a>\n\t\t\t<\/div><\/figure><figure class='gallery-item'>\n\t\t\t<div class='gallery-icon landscape'>\n\t\t\t\t<a href='https:\/\/centralmedia.rs\/index.php\/2018\/09\/04\/udruzenje-veterana-rata-1990-1999-iz-jagodine-obelezavanje-100-godina-od-zavrsetka-prvog-svetskog-rata\/v3\/'><img loading=\"lazy\" decoding=\"async\" width=\"150\" height=\"150\" src=\"https:\/\/centralmedia.rs\/wp-content\/uploads\/2018\/09\/v3-150x150.jpg\" class=\"attachment-thumbnail size-thumbnail\" alt=\"\" \/><\/a>\n\t\t\t<\/div><\/figure><figure class='gallery-item'>\n\t\t\t<div class='gallery-icon landscape'>\n\t\t\t\t<a href='https:\/\/centralmedia.rs\/index.php\/2018\/09\/04\/udruzenje-veterana-rata-1990-1999-iz-jagodine-obelezavanje-100-godina-od-zavrsetka-prvog-svetskog-rata\/v4\/'><img loading=\"lazy\" decoding=\"async\" width=\"150\" height=\"150\" src=\"https:\/\/centralmedia.rs\/wp-content\/uploads\/2018\/09\/v4-150x150.jpg\" class=\"attachment-thumbnail size-thumbnail\" alt=\"\" \/><\/a>\n\t\t\t<\/div><\/figure>\n\t\t<\/div>\n\n<p>&#8211; Vremena kada smo morali da pre\u0107utkujemo velike pobede Srpske vojske u Prvom svetskom ratu su iza nas. Sada sa du\u017enim po\u0161tovanje odajemo sve po\u010dasti borcima koji su nam doneli slobodu, a bili su nepravdeno zapostavljeni u 20. veku. Na nama je pri\u010damo i \u0161irimo istinu o velikim pregnu\u0107ima i \u017ertvama Srpskog naroda, kako bi sada\u0161nje i budu\u0107e generacije znale ko su im bili preci, \u010dasni i po\u0161teni ljudi, borci za slobodu svoje zemlje, rekao je predsednik udru\u017eenja Dragan Milanovi\u0107.<\/p>\n<div id='gallery-2' class='gallery galleryid-13692 gallery-columns-3 gallery-size-full'><figure class='gallery-item'>\n\t\t\t<div class='gallery-icon landscape'>\n\t\t\t\t<a href='https:\/\/centralmedia.rs\/index.php\/2018\/09\/04\/udruzenje-veterana-rata-1990-1999-iz-jagodine-obelezavanje-100-godina-od-zavrsetka-prvog-svetskog-rata\/v5\/'><img loading=\"lazy\" decoding=\"async\" width=\"900\" height=\"675\" src=\"https:\/\/centralmedia.rs\/wp-content\/uploads\/2018\/09\/v5.jpg\" class=\"attachment-full size-full\" alt=\"\" srcset=\"https:\/\/centralmedia.rs\/wp-content\/uploads\/2018\/09\/v5.jpg 900w, https:\/\/centralmedia.rs\/wp-content\/uploads\/2018\/09\/v5-300x225.jpg 300w, https:\/\/centralmedia.rs\/wp-content\/uploads\/2018\/09\/v5-768x576.jpg 768w, https:\/\/centralmedia.rs\/wp-content\/uploads\/2018\/09\/v5-560x420.jpg 560w, https:\/\/centralmedia.rs\/wp-content\/uploads\/2018\/09\/v5-80x60.jpg 80w, https:\/\/centralmedia.rs\/wp-content\/uploads\/2018\/09\/v5-100x75.jpg 100w, https:\/\/centralmedia.rs\/wp-content\/uploads\/2018\/09\/v5-180x135.jpg 180w, https:\/\/centralmedia.rs\/wp-content\/uploads\/2018\/09\/v5-238x178.jpg 238w, https:\/\/centralmedia.rs\/wp-content\/uploads\/2018\/09\/v5-640x480.jpg 640w, https:\/\/centralmedia.rs\/wp-content\/uploads\/2018\/09\/v5-681x511.jpg 681w\" sizes=\"(max-width: 900px) 100vw, 900px\" \/><\/a>\n\t\t\t<\/div><\/figure><figure class='gallery-item'>\n\t\t\t<div class='gallery-icon landscape'>\n\t\t\t\t<a href='https:\/\/centralmedia.rs\/index.php\/2018\/09\/04\/udruzenje-veterana-rata-1990-1999-iz-jagodine-obelezavanje-100-godina-od-zavrsetka-prvog-svetskog-rata\/v6\/'><img loading=\"lazy\" decoding=\"async\" width=\"900\" height=\"675\" src=\"https:\/\/centralmedia.rs\/wp-content\/uploads\/2018\/09\/v6.jpg\" class=\"attachment-full size-full\" alt=\"\" srcset=\"https:\/\/centralmedia.rs\/wp-content\/uploads\/2018\/09\/v6.jpg 900w, https:\/\/centralmedia.rs\/wp-content\/uploads\/2018\/09\/v6-300x225.jpg 300w, https:\/\/centralmedia.rs\/wp-content\/uploads\/2018\/09\/v6-768x576.jpg 768w, https:\/\/centralmedia.rs\/wp-content\/uploads\/2018\/09\/v6-560x420.jpg 560w, https:\/\/centralmedia.rs\/wp-content\/uploads\/2018\/09\/v6-80x60.jpg 80w, https:\/\/centralmedia.rs\/wp-content\/uploads\/2018\/09\/v6-100x75.jpg 100w, https:\/\/centralmedia.rs\/wp-content\/uploads\/2018\/09\/v6-180x135.jpg 180w, https:\/\/centralmedia.rs\/wp-content\/uploads\/2018\/09\/v6-238x178.jpg 238w, https:\/\/centralmedia.rs\/wp-content\/uploads\/2018\/09\/v6-640x480.jpg 640w, https:\/\/centralmedia.rs\/wp-content\/uploads\/2018\/09\/v6-681x511.jpg 681w\" sizes=\"(max-width: 900px) 100vw, 900px\" \/><\/a>\n\t\t\t<\/div><\/figure><figure class='gallery-item'>\n\t\t\t<div class='gallery-icon landscape'>\n\t\t\t\t<a href='https:\/\/centralmedia.rs\/index.php\/2018\/09\/04\/udruzenje-veterana-rata-1990-1999-iz-jagodine-obelezavanje-100-godina-od-zavrsetka-prvog-svetskog-rata\/v8\/'><img loading=\"lazy\" decoding=\"async\" width=\"900\" height=\"675\" src=\"https:\/\/centralmedia.rs\/wp-content\/uploads\/2018\/09\/v8.jpg\" class=\"attachment-full size-full\" alt=\"\" srcset=\"https:\/\/centralmedia.rs\/wp-content\/uploads\/2018\/09\/v8.jpg 900w, https:\/\/centralmedia.rs\/wp-content\/uploads\/2018\/09\/v8-300x225.jpg 300w, https:\/\/centralmedia.rs\/wp-content\/uploads\/2018\/09\/v8-768x576.jpg 768w, https:\/\/centralmedia.rs\/wp-content\/uploads\/2018\/09\/v8-560x420.jpg 560w, https:\/\/centralmedia.rs\/wp-content\/uploads\/2018\/09\/v8-80x60.jpg 80w, https:\/\/centralmedia.rs\/wp-content\/uploads\/2018\/09\/v8-100x75.jpg 100w, https:\/\/centralmedia.rs\/wp-content\/uploads\/2018\/09\/v8-180x135.jpg 180w, https:\/\/centralmedia.rs\/wp-content\/uploads\/2018\/09\/v8-238x178.jpg 238w, https:\/\/centralmedia.rs\/wp-content\/uploads\/2018\/09\/v8-640x480.jpg 640w, https:\/\/centralmedia.rs\/wp-content\/uploads\/2018\/09\/v8-681x511.jpg 681w\" sizes=\"(max-width: 900px) 100vw, 900px\" \/><\/a>\n\t\t\t<\/div><\/figure>\n\t\t<\/div>\n\n<p>U okviru tog projekta\u00a0 organizovana su dva predavanja koja su odr\u017eana u Narodnoj bilioteci u Jagodini, predvi\u0111eno je i odr\u017eavanje javnog \u010dasa u jednoj od osnovnih \u0161kola.<\/p>\n<p>PROJEKAT PODR\u017dALO MINISTARSTVO ZA RAD, BORA\u010cKA I SOCIJALNA PITANJA &#8211; SEKTOR ZA BORA\u010cKU I INVALIDSKU ZA\u0160TITU<\/p>\n<p>&nbsp;<\/p>\n","protected":false},"excerpt":{"rendered":"<p>JAGODINA- Udru\u017eenje veterana rata 1990-1999 godine iz Jagodine\u00a0 aktivno se uklju\u010dilo u obele\u017eavanje sto godina od zavr\u0161etka Prvog svetskog rata. U toku je projekat koji &hellip; <\/p>\n","protected":false},"author":2,"featured_media":13693,"comment_status":"open","ping_status":"open","sticky":false,"template":"","format":"standard","meta":{"footnotes":""},"categories":[14,2,1514,12],"tags":[58,3076,2431,3074,3075],"_links":{"self":[{"href":"https:\/\/centralmedia.rs\/index.php\/wp-json\/wp\/v2\/posts\/13692"}],"collection":[{"href":"https:\/\/centralmedia.rs\/index.php\/wp-json\/wp\/v2\/posts"}],"about":[{"href":"https:\/\/centralmedia.rs\/index.php\/wp-json\/wp\/v2\/types\/post"}],"author":[{"embeddable":true,"href":"https:\/\/centralmedia.rs\/index.php\/wp-json\/wp\/v2\/users\/2"}],"replies":[{"embeddable":true,"href":"https:\/\/centralmedia.rs\/index.php\/wp-json\/wp\/v2\/comments?post=13692"}],"version-history":[{"count":1,"href":"https:\/\/centralmedia.rs\/index.php\/wp-json\/wp\/v2\/posts\/13692\/revisions"}],"predecessor-version":[{"id":13702,"href":"https:\/\/centralmedia.rs\/index.php\/wp-json\/wp\/v2\/posts\/13692\/revisions\/13702"}],"wp:featuredmedia":[{"embeddable":true,"href":"https:\/\/centralmedia.rs\/index.php\/wp-json\/wp\/v2\/media\/13693"}],"wp:attachment":[{"href":"https:\/\/centralmedia.rs\/index.php\/wp-json\/wp\/v2\/media?parent=13692"}],"wp:term":[{"taxonomy":"category","embeddable":true,"href":"https:\/\/centralmedia.rs\/index.php\/wp-json\/wp\/v2\/categories?post=13692"},{"taxonomy":"post_tag","embeddable":true,"href":"https:\/\/centralmedia.rs\/index.php\/wp-json\/wp\/v2\/tags?post=13692"}],"curies":[{"name":"wp","href":"https:\/\/api.w.org\/{rel}","templated":true}]}}