{"id":13712,"date":"2018-09-06T14:22:35","date_gmt":"2018-09-06T14:22:35","guid":{"rendered":"http:\/\/centralmedia.rs\/?p=13712"},"modified":"2018-09-15T11:11:04","modified_gmt":"2018-09-15T11:11:04","slug":"poceli-37-maticevi-dani-u-cupriji","status":"publish","type":"post","link":"https:\/\/centralmedia.rs\/index.php\/2018\/09\/06\/poceli-37-maticevi-dani-u-cupriji\/","title":{"rendered":"PO\u010cELI 37. MATI\u0106EVI DANI U \u0106UPRIJI"},"content":{"rendered":"<p>\u0106UPRIJA- \u010clan Op\u0161tinskog ve\u0107a u \u0106upriji Vladimir Vasiljevi\u0107 otvorio je danas 37. \u201eMati\u0107eve dane\u201c koji se odr\u017eavaju od 6. do 13. septembra.<\/p>\n<div id='gallery-1' class='gallery galleryid-13712 gallery-columns-3 gallery-size-full'><figure class='gallery-item'>\n\t\t\t<div class='gallery-icon landscape'>\n\t\t\t\t<a href='https:\/\/centralmedia.rs\/index.php\/2018\/09\/06\/poceli-37-maticevi-dani-u-cupriji\/md\/'><img loading=\"lazy\" decoding=\"async\" width=\"1080\" height=\"810\" src=\"https:\/\/centralmedia.rs\/wp-content\/uploads\/2018\/09\/md.jpg\" class=\"attachment-full size-full\" alt=\"\" srcset=\"https:\/\/centralmedia.rs\/wp-content\/uploads\/2018\/09\/md.jpg 1080w, https:\/\/centralmedia.rs\/wp-content\/uploads\/2018\/09\/md-300x225.jpg 300w, https:\/\/centralmedia.rs\/wp-content\/uploads\/2018\/09\/md-768x576.jpg 768w, https:\/\/centralmedia.rs\/wp-content\/uploads\/2018\/09\/md-1024x768.jpg 1024w, https:\/\/centralmedia.rs\/wp-content\/uploads\/2018\/09\/md-560x420.jpg 560w, https:\/\/centralmedia.rs\/wp-content\/uploads\/2018\/09\/md-80x60.jpg 80w, https:\/\/centralmedia.rs\/wp-content\/uploads\/2018\/09\/md-100x75.jpg 100w, https:\/\/centralmedia.rs\/wp-content\/uploads\/2018\/09\/md-180x135.jpg 180w, https:\/\/centralmedia.rs\/wp-content\/uploads\/2018\/09\/md-238x178.jpg 238w, https:\/\/centralmedia.rs\/wp-content\/uploads\/2018\/09\/md-640x480.jpg 640w, https:\/\/centralmedia.rs\/wp-content\/uploads\/2018\/09\/md-681x511.jpg 681w\" sizes=\"(max-width: 1080px) 100vw, 1080px\" \/><\/a>\n\t\t\t<\/div><\/figure><figure class='gallery-item'>\n\t\t\t<div class='gallery-icon landscape'>\n\t\t\t\t<a href='https:\/\/centralmedia.rs\/index.php\/2018\/09\/06\/poceli-37-maticevi-dani-u-cupriji\/md1\/'><img loading=\"lazy\" decoding=\"async\" width=\"1080\" height=\"810\" src=\"https:\/\/centralmedia.rs\/wp-content\/uploads\/2018\/09\/md1.jpg\" class=\"attachment-full size-full\" alt=\"\" srcset=\"https:\/\/centralmedia.rs\/wp-content\/uploads\/2018\/09\/md1.jpg 1080w, https:\/\/centralmedia.rs\/wp-content\/uploads\/2018\/09\/md1-300x225.jpg 300w, https:\/\/centralmedia.rs\/wp-content\/uploads\/2018\/09\/md1-768x576.jpg 768w, https:\/\/centralmedia.rs\/wp-content\/uploads\/2018\/09\/md1-1024x768.jpg 1024w, https:\/\/centralmedia.rs\/wp-content\/uploads\/2018\/09\/md1-560x420.jpg 560w, https:\/\/centralmedia.rs\/wp-content\/uploads\/2018\/09\/md1-80x60.jpg 80w, https:\/\/centralmedia.rs\/wp-content\/uploads\/2018\/09\/md1-100x75.jpg 100w, https:\/\/centralmedia.rs\/wp-content\/uploads\/2018\/09\/md1-180x135.jpg 180w, https:\/\/centralmedia.rs\/wp-content\/uploads\/2018\/09\/md1-238x178.jpg 238w, https:\/\/centralmedia.rs\/wp-content\/uploads\/2018\/09\/md1-640x480.jpg 640w, https:\/\/centralmedia.rs\/wp-content\/uploads\/2018\/09\/md1-681x511.jpg 681w\" sizes=\"(max-width: 1080px) 100vw, 1080px\" \/><\/a>\n\t\t\t<\/div><\/figure><figure class='gallery-item'>\n\t\t\t<div class='gallery-icon landscape'>\n\t\t\t\t<a href='https:\/\/centralmedia.rs\/index.php\/2018\/09\/06\/poceli-37-maticevi-dani-u-cupriji\/md3\/'><img loading=\"lazy\" decoding=\"async\" width=\"1080\" height=\"810\" src=\"https:\/\/centralmedia.rs\/wp-content\/uploads\/2018\/09\/md3.jpg\" class=\"attachment-full size-full\" alt=\"\" srcset=\"https:\/\/centralmedia.rs\/wp-content\/uploads\/2018\/09\/md3.jpg 1080w, https:\/\/centralmedia.rs\/wp-content\/uploads\/2018\/09\/md3-300x225.jpg 300w, https:\/\/centralmedia.rs\/wp-content\/uploads\/2018\/09\/md3-768x576.jpg 768w, https:\/\/centralmedia.rs\/wp-content\/uploads\/2018\/09\/md3-1024x768.jpg 1024w, https:\/\/centralmedia.rs\/wp-content\/uploads\/2018\/09\/md3-560x420.jpg 560w, https:\/\/centralmedia.rs\/wp-content\/uploads\/2018\/09\/md3-80x60.jpg 80w, https:\/\/centralmedia.rs\/wp-content\/uploads\/2018\/09\/md3-100x75.jpg 100w, https:\/\/centralmedia.rs\/wp-content\/uploads\/2018\/09\/md3-180x135.jpg 180w, https:\/\/centralmedia.rs\/wp-content\/uploads\/2018\/09\/md3-238x178.jpg 238w, https:\/\/centralmedia.rs\/wp-content\/uploads\/2018\/09\/md3-640x480.jpg 640w, https:\/\/centralmedia.rs\/wp-content\/uploads\/2018\/09\/md3-681x511.jpg 681w\" sizes=\"(max-width: 1080px) 100vw, 1080px\" \/><\/a>\n\t\t\t<\/div><\/figure>\n\t\t<\/div>\n\n<p>&#8211; Zahvalio bih se Ministarstvu kulture i informisanja koje 37. put prepoznaje veliki zna\u010daj lika i dela Du\u0161ana Mati\u0107a, \u0161to su pokazali kroz logisti\u010dku i finansijsku podr\u0161ku. Zahvaljujem se Narodnoj biblioteci koja sa uspehom organizuje manifestaciju, posao koji nije ni malo lak. Tako\u0111e, te\u017ei deo posla je preno\u0161enje lika i dela Du\u0161ana Mati\u0107a svih 365 dana u godini, zato koristim priliku da ne samo ovih sedam dan ve\u0107 svih 365 negujemo poruku lika i dela Du\u0161ana Mati\u0107a prenosimo, negujemo, \u010duvamo, kako bi me\u0111u mla\u0111im generacijama dobili novog\u00a0 pisca, knji\u017eevnika, prevodioca i akademika, rekao je Vasiljevi\u0107.<\/p>\n<p>Ovogodi\u0161njom manifestacijom obele\u017eava se 120 godina od ro\u0111enja Du\u0161ana Mati\u0107a, kao i 150 godina Narodne biblioteke.<\/p>\n<p>&#8211; Za slede\u0107u godinu mogu da najavim ekranizaciju projekta ,,Pri\u010de o \u017eivotu Du\u0161ana Mati\u0107a&#8221;. Re\u010d je monodrami, scenario je spreman, vide\u0107emo kao \u0107e dobiti ulogu Du\u0161ana Mati\u0107a. Za ovu godinu, osim panela Radio Beograda 2, imamo predstavu posve\u0107enoj Prvom svetskom ratu, etnod\u017eez koncert, gostovanje pisaca Rusomira Arsi\u0107a, kazala je direktorka Narodne biblioteke Ljiljana \u0110or\u0111evi\u0107.<\/p>\n<p>Na dana\u0161njem panelu su u\u010destvovali \u00a0Ranko Stoilovi\u0107 novinar Radio Beograda 2, Ra\u0161ko Jovanovi\u0107 teatrolog i radio kriti\u010dar i Vesna Peri\u0107 urednica Dramskog programa Radio Beograda. Ve\u010deras je dodela nagrada na likovnom konkursu ,,Mati\u0107u u \u010dast&#8221;. Nagrada najboljem mladom pesniku za prvoobjavljenu knjigu pesama ,,Mati\u0107ev \u0161al&#8221; bi\u0107e dodeljena 13. septembra.\u00a0 U znak se\u0107anja na Du\u0161ana Mati\u0107a (1898 \u2013 1980), pesnika, prevodioca, romansijera, esejiste i proziste, jednog od rodona\u010delnika nadrealizma u srpskoj knji\u017eevnosti, u \u0106upriji se svake godine okupe brojni po\u0161tovaoci njegovog dela. Mati\u0107eva poezija, protkana je dubokim nacionalnim ose\u0107anjem, \u0161to je inspiracija za njegove sledbenike koji svake godine svako na svoj na\u010din otkrije ovog velikana u novom svetlu.<br \/>\nMati\u0107evi dani\u201d su jasan pokazatelj po\u0161tovanja i negovanja kulturnog stvarala\u0161tva i knji\u017eevnosti, podr\u0161ka razvoju kulture i njenom nasle\u0111u. Mali broj gradova ima ovakve li\u010dnosti kao \u0161to mi imamo Du\u0161ana Mati\u0107a i zato Narodna biblioteka &#8220;Du\u0161an Mati\u0107&#8221; i Op\u0161tina \u0106uprija sa ponosom neguju ovu manifestaciju.<\/p>\n<p>&nbsp;<\/p>\n","protected":false},"excerpt":{"rendered":"<p>\u0106UPRIJA- \u010clan Op\u0161tinskog ve\u0107a u \u0106upriji Vladimir Vasiljevi\u0107 otvorio je danas 37. \u201eMati\u0107eve dane\u201c koji se odr\u017eavaju od 6. do 13. septembra. &#8211; Zahvalio bih &hellip; <\/p>\n","protected":false},"author":2,"featured_media":13713,"comment_status":"open","ping_status":"open","sticky":false,"template":"","format":"standard","meta":{"footnotes":""},"categories":[2,15,887,12],"tags":[44,1202],"_links":{"self":[{"href":"https:\/\/centralmedia.rs\/index.php\/wp-json\/wp\/v2\/posts\/13712"}],"collection":[{"href":"https:\/\/centralmedia.rs\/index.php\/wp-json\/wp\/v2\/posts"}],"about":[{"href":"https:\/\/centralmedia.rs\/index.php\/wp-json\/wp\/v2\/types\/post"}],"author":[{"embeddable":true,"href":"https:\/\/centralmedia.rs\/index.php\/wp-json\/wp\/v2\/users\/2"}],"replies":[{"embeddable":true,"href":"https:\/\/centralmedia.rs\/index.php\/wp-json\/wp\/v2\/comments?post=13712"}],"version-history":[{"count":1,"href":"https:\/\/centralmedia.rs\/index.php\/wp-json\/wp\/v2\/posts\/13712\/revisions"}],"predecessor-version":[{"id":13717,"href":"https:\/\/centralmedia.rs\/index.php\/wp-json\/wp\/v2\/posts\/13712\/revisions\/13717"}],"wp:featuredmedia":[{"embeddable":true,"href":"https:\/\/centralmedia.rs\/index.php\/wp-json\/wp\/v2\/media\/13713"}],"wp:attachment":[{"href":"https:\/\/centralmedia.rs\/index.php\/wp-json\/wp\/v2\/media?parent=13712"}],"wp:term":[{"taxonomy":"category","embeddable":true,"href":"https:\/\/centralmedia.rs\/index.php\/wp-json\/wp\/v2\/categories?post=13712"},{"taxonomy":"post_tag","embeddable":true,"href":"https:\/\/centralmedia.rs\/index.php\/wp-json\/wp\/v2\/tags?post=13712"}],"curies":[{"name":"wp","href":"https:\/\/api.w.org\/{rel}","templated":true}]}}