{"id":13718,"date":"2018-09-06T21:33:41","date_gmt":"2018-09-06T21:33:41","guid":{"rendered":"http:\/\/centralmedia.rs\/?p=13718"},"modified":"2018-09-15T11:10:49","modified_gmt":"2018-09-15T11:10:49","slug":"likovna-nagrada-maticu-u-cast-dodeljena-dragani-vasovic","status":"publish","type":"post","link":"https:\/\/centralmedia.rs\/index.php\/2018\/09\/06\/likovna-nagrada-maticu-u-cast-dodeljena-dragani-vasovic\/","title":{"rendered":"LIKOVNA NAGRADA ,,MATI\u0106U U \u010cAST&#8221; DODELJENA DRAGANI VASOVI\u0106"},"content":{"rendered":"<p>\u0106UPRIJA- U Muzeju Horeum Margi-Ravno u \u0106upriji ve\u010deras je dodeljena nagrada ,,Mati\u0107u u \u010dast&#8221; Dragani Vasovi\u0107 iz Kragujevca za sliku ,,I neki novi svemir ponovo nas stvori&#8221;. \u00a0Posebno priznanje pripalo je Mileni Stanisavljevi\u0107 i Pohvala Nemanji Jovanovi\u0107u. Likovna izlo\u017eba je odr\u017eana u okviru 37. Mati\u0107evih dana, koji su po\u010deli danas.<\/p>\n<div id='gallery-1' class='gallery galleryid-13718 gallery-columns-3 gallery-size-full'><figure class='gallery-item'>\n\t\t\t<div class='gallery-icon landscape'>\n\t\t\t\t<a href='https:\/\/centralmedia.rs\/index.php\/2018\/09\/06\/likovna-nagrada-maticu-u-cast-dodeljena-dragani-vasovic\/mc\/'><img loading=\"lazy\" decoding=\"async\" width=\"900\" height=\"675\" src=\"https:\/\/centralmedia.rs\/wp-content\/uploads\/2018\/09\/mc.jpg\" class=\"attachment-full size-full\" alt=\"\" srcset=\"https:\/\/centralmedia.rs\/wp-content\/uploads\/2018\/09\/mc.jpg 900w, https:\/\/centralmedia.rs\/wp-content\/uploads\/2018\/09\/mc-300x225.jpg 300w, https:\/\/centralmedia.rs\/wp-content\/uploads\/2018\/09\/mc-768x576.jpg 768w, https:\/\/centralmedia.rs\/wp-content\/uploads\/2018\/09\/mc-560x420.jpg 560w, https:\/\/centralmedia.rs\/wp-content\/uploads\/2018\/09\/mc-80x60.jpg 80w, https:\/\/centralmedia.rs\/wp-content\/uploads\/2018\/09\/mc-100x75.jpg 100w, https:\/\/centralmedia.rs\/wp-content\/uploads\/2018\/09\/mc-180x135.jpg 180w, https:\/\/centralmedia.rs\/wp-content\/uploads\/2018\/09\/mc-238x178.jpg 238w, https:\/\/centralmedia.rs\/wp-content\/uploads\/2018\/09\/mc-640x480.jpg 640w, https:\/\/centralmedia.rs\/wp-content\/uploads\/2018\/09\/mc-681x511.jpg 681w\" sizes=\"(max-width: 900px) 100vw, 900px\" \/><\/a>\n\t\t\t<\/div><\/figure><figure class='gallery-item'>\n\t\t\t<div class='gallery-icon landscape'>\n\t\t\t\t<a href='https:\/\/centralmedia.rs\/index.php\/2018\/09\/06\/likovna-nagrada-maticu-u-cast-dodeljena-dragani-vasovic\/nagrada-5\/'><img loading=\"lazy\" decoding=\"async\" width=\"900\" height=\"675\" src=\"https:\/\/centralmedia.rs\/wp-content\/uploads\/2018\/09\/nagrada.jpg\" class=\"attachment-full size-full\" alt=\"\" srcset=\"https:\/\/centralmedia.rs\/wp-content\/uploads\/2018\/09\/nagrada.jpg 900w, https:\/\/centralmedia.rs\/wp-content\/uploads\/2018\/09\/nagrada-300x225.jpg 300w, https:\/\/centralmedia.rs\/wp-content\/uploads\/2018\/09\/nagrada-768x576.jpg 768w, https:\/\/centralmedia.rs\/wp-content\/uploads\/2018\/09\/nagrada-560x420.jpg 560w, https:\/\/centralmedia.rs\/wp-content\/uploads\/2018\/09\/nagrada-80x60.jpg 80w, https:\/\/centralmedia.rs\/wp-content\/uploads\/2018\/09\/nagrada-100x75.jpg 100w, https:\/\/centralmedia.rs\/wp-content\/uploads\/2018\/09\/nagrada-180x135.jpg 180w, https:\/\/centralmedia.rs\/wp-content\/uploads\/2018\/09\/nagrada-238x178.jpg 238w, https:\/\/centralmedia.rs\/wp-content\/uploads\/2018\/09\/nagrada-640x480.jpg 640w, https:\/\/centralmedia.rs\/wp-content\/uploads\/2018\/09\/nagrada-681x511.jpg 681w\" sizes=\"(max-width: 900px) 100vw, 900px\" \/><\/a>\n\t\t\t<\/div><\/figure><figure class='gallery-item'>\n\t\t\t<div class='gallery-icon landscape'>\n\t\t\t\t<a href='https:\/\/centralmedia.rs\/index.php\/2018\/09\/06\/likovna-nagrada-maticu-u-cast-dodeljena-dragani-vasovic\/nagrade-5\/'><img loading=\"lazy\" decoding=\"async\" width=\"900\" height=\"675\" src=\"https:\/\/centralmedia.rs\/wp-content\/uploads\/2018\/09\/nagrade.jpg\" class=\"attachment-full size-full\" alt=\"\" srcset=\"https:\/\/centralmedia.rs\/wp-content\/uploads\/2018\/09\/nagrade.jpg 900w, https:\/\/centralmedia.rs\/wp-content\/uploads\/2018\/09\/nagrade-300x225.jpg 300w, https:\/\/centralmedia.rs\/wp-content\/uploads\/2018\/09\/nagrade-768x576.jpg 768w, https:\/\/centralmedia.rs\/wp-content\/uploads\/2018\/09\/nagrade-560x420.jpg 560w, https:\/\/centralmedia.rs\/wp-content\/uploads\/2018\/09\/nagrade-80x60.jpg 80w, https:\/\/centralmedia.rs\/wp-content\/uploads\/2018\/09\/nagrade-100x75.jpg 100w, https:\/\/centralmedia.rs\/wp-content\/uploads\/2018\/09\/nagrade-180x135.jpg 180w, https:\/\/centralmedia.rs\/wp-content\/uploads\/2018\/09\/nagrade-238x178.jpg 238w, https:\/\/centralmedia.rs\/wp-content\/uploads\/2018\/09\/nagrade-640x480.jpg 640w, https:\/\/centralmedia.rs\/wp-content\/uploads\/2018\/09\/nagrade-681x511.jpg 681w\" sizes=\"(max-width: 900px) 100vw, 900px\" \/><\/a>\n\t\t\t<\/div><\/figure>\n\t\t<\/div>\n\n<p>&#8211; Kao mala boravila sam \u010desto u \u0106upriji, tako da me vezuju lepe uspomene. Na neverovatan na\u010din, neki gospodnji putevi nas dovode na neke konkurse i tu se nalazi pozitivna energija. Tema je ura\u0111ena nadrealsiti\u010dki \u0161to vezuje za Mati\u0107a, koji je bio i slikar, pesnik, filozof. Sada je sve popularniji, \u017eiveo u vremenu kada je bio neshva\u0107en. Tema je vazana za \u010doveka i njegov zna\u010daj u svemiru. Velika serija od tridesetak dela, dok su ovde izlo\u017eene dve, kazala je Dragana Vasovi\u0107.<\/p>\n<p>Izlo\u017eba ima 30 radova od 24 umetnika i predstavlja presek savremenog stvarala\u0161tva ovog dela Evrope.<\/p>\n<p>&#8211; Ovo je 5. Internacionala izlo\u017eba likovnih radova ,,Mati\u0107u u \u010dast&#8221;. Izlo\u017eba predstavlja presek srpske umetni\u010dke scene, a tu su i radovi umetnika iz Bugarske i Makedonije. Re\u010d je o radovima umetnika mlade generacije, koji \u0107e tek svoje stvarala\u0161tvo predstaviti, rekao je direktor muzeja Novak Novakovi\u0107.<\/p>\n<p>Izlo\u017eba \u0107e biti otvorena do 20. septembra.<\/p>\n","protected":false},"excerpt":{"rendered":"<p>\u0106UPRIJA- U Muzeju Horeum Margi-Ravno u \u0106upriji ve\u010deras je dodeljena nagrada ,,Mati\u0107u u \u010dast&#8221; Dragani Vasovi\u0107 iz Kragujevca za sliku ,,I neki novi svemir ponovo &hellip; <\/p>\n","protected":false},"author":2,"featured_media":13719,"comment_status":"open","ping_status":"open","sticky":false,"template":"","format":"standard","meta":{"footnotes":""},"categories":[1515,2,15,887,12],"tags":[44,3079],"_links":{"self":[{"href":"https:\/\/centralmedia.rs\/index.php\/wp-json\/wp\/v2\/posts\/13718"}],"collection":[{"href":"https:\/\/centralmedia.rs\/index.php\/wp-json\/wp\/v2\/posts"}],"about":[{"href":"https:\/\/centralmedia.rs\/index.php\/wp-json\/wp\/v2\/types\/post"}],"author":[{"embeddable":true,"href":"https:\/\/centralmedia.rs\/index.php\/wp-json\/wp\/v2\/users\/2"}],"replies":[{"embeddable":true,"href":"https:\/\/centralmedia.rs\/index.php\/wp-json\/wp\/v2\/comments?post=13718"}],"version-history":[{"count":1,"href":"https:\/\/centralmedia.rs\/index.php\/wp-json\/wp\/v2\/posts\/13718\/revisions"}],"predecessor-version":[{"id":13723,"href":"https:\/\/centralmedia.rs\/index.php\/wp-json\/wp\/v2\/posts\/13718\/revisions\/13723"}],"wp:featuredmedia":[{"embeddable":true,"href":"https:\/\/centralmedia.rs\/index.php\/wp-json\/wp\/v2\/media\/13719"}],"wp:attachment":[{"href":"https:\/\/centralmedia.rs\/index.php\/wp-json\/wp\/v2\/media?parent=13718"}],"wp:term":[{"taxonomy":"category","embeddable":true,"href":"https:\/\/centralmedia.rs\/index.php\/wp-json\/wp\/v2\/categories?post=13718"},{"taxonomy":"post_tag","embeddable":true,"href":"https:\/\/centralmedia.rs\/index.php\/wp-json\/wp\/v2\/tags?post=13718"}],"curies":[{"name":"wp","href":"https:\/\/api.w.org\/{rel}","templated":true}]}}