{"id":1372,"date":"2015-12-02T08:00:05","date_gmt":"2015-12-02T08:00:05","guid":{"rendered":"http:\/\/centralmedia.rs\/?p=1372"},"modified":"2015-12-02T08:00:05","modified_gmt":"2015-12-02T08:00:05","slug":"prirodnjacki-centar-svet-riba-u-juznom-jadranu","status":"publish","type":"post","link":"https:\/\/centralmedia.rs\/index.php\/2015\/12\/02\/prirodnjacki-centar-svet-riba-u-juznom-jadranu\/","title":{"rendered":"PRIRODNJA\u010cKI CENTAR &#8211; SVET RIBA U JU\u017dNOM JADRANU"},"content":{"rendered":"<p>SVILAJNAC-Izlo\u017eba ,,Svet riba ju\u017enog Jadrana\u201d Prirodnja\u010dkog muzeja iz Beograda otvorena je u utorak uve\u010de u Prirodnja\u010dkom centru Srbije u Svilajncu. Re\u010d je o prvoj gostuju\u0107oj izlo\u017ebi u tom centru, koji je otvoren 1 jula.<br \/>\n-Prirodnja\u010dki centar nije programski zavr\u0161en i o\u010dekujemo da u narednom periodu Ministarstvo prosvete i nauke odobri dodatna sredstva, kako bi svi predvi\u0111eni sadr\u017eaji za\u017eiveli  uz prostor za gostuju\u0107e. Apelujem na ministarstvo da nam omogu\u0107i 80 miliona dinara za 10 stalnih postavki.  Pregovaramo sa velikom svetskom izlo\u017ebom koja je trenutno u Londonu i kada dobijemo potvrdu objavi\u0107emo datum njenog dolaska u Srbiju i Svilajnac, rekao je predsednik op\u0161tine Predrag Milanovi\u0107.<br \/>\n<figure id=\"attachment_1374\" aria-describedby=\"caption-attachment-1374\" style=\"width: 300px\" class=\"wp-caption alignnone\"><a href=\"https:\/\/centralmedia.rs\/wp-content\/uploads\/2015\/12\/predrag-milanovic-i-slavko-spasic-svilajnac-g.j..jpg\"><img loading=\"lazy\" decoding=\"async\" src=\"https:\/\/centralmedia.rs\/wp-content\/uploads\/2015\/12\/predrag-milanovic-i-slavko-spasic-svilajnac-g.j.-300x198.jpg\" alt=\"Predrag Milanovi\u0107 i Slavko Spasi\u0107\" width=\"300\" height=\"198\" class=\"size-medium wp-image-1374\" srcset=\"https:\/\/centralmedia.rs\/wp-content\/uploads\/2015\/12\/predrag-milanovic-i-slavko-spasic-svilajnac-g.j.-300x198.jpg 300w, https:\/\/centralmedia.rs\/wp-content\/uploads\/2015\/12\/predrag-milanovic-i-slavko-spasic-svilajnac-g.j..jpg 900w\" sizes=\"(max-width: 300px) 100vw, 300px\" \/><\/a><figcaption id=\"caption-attachment-1374\" class=\"wp-caption-text\">Predrag Milanovi\u0107 i Slavko Spasi\u0107<\/figcaption><\/figure><br \/>\nPrirodnja\u010dki muzej predstavio je svoju kolekciju od 59 primeraka riba  ju\u017enog Jadrana, odnosno veliko bogatsvo ,,ihtio faune\u201d. Izlo\u017een je poslednji primerak jesetre, koja je istrebljena, ulovljene 2007 godine u reci Bojani.<br \/>\n-Ovakvi centri trebaju i moraju da postoje u Srbiji. Svilajnac je primer upornosti i saradnje sa Prirodnja\u010dkim muzejom u Beogradu. U toku je programsko opremanje centra i ovde \u0107e se u narednom period na\u0107i pri\u010da o ledenom dobu u Srbiji, dakle o mamutima i bizonima, zatim botani\u010dki deo. Siguran sam da \u0107e ministarstvo na\u0107i na\u010dina da zavr\u0161imo izlo\u017ebe, a zatim nastavljamo pri\u010du kroz nau\u010dni i kulturni turizam, koji mogu biti zna\u010dajan podstreka\u010d razvoja Srbije, istakao je na otvaranju te izlo\u017ebe direktor Prirodnja\u010dkog muzeja Slavko Spasi\u0107.<br \/>\n<a href=\"https:\/\/centralmedia.rs\/wp-content\/uploads\/2015\/12\/izlozba-2-svilajnac-g.j..jpg\"><img loading=\"lazy\" decoding=\"async\" src=\"https:\/\/centralmedia.rs\/wp-content\/uploads\/2015\/12\/izlozba-2-svilajnac-g.j.-300x202.jpg\" alt=\"izlozba 2-svilajnac-g.j.\" width=\"300\" height=\"202\" class=\"alignnone size-medium wp-image-1375\" srcset=\"https:\/\/centralmedia.rs\/wp-content\/uploads\/2015\/12\/izlozba-2-svilajnac-g.j.-300x202.jpg 300w, https:\/\/centralmedia.rs\/wp-content\/uploads\/2015\/12\/izlozba-2-svilajnac-g.j..jpg 900w\" sizes=\"(max-width: 300px) 100vw, 300px\" \/><\/a><br \/>\n Kroz Prirodnja\u010dki centar Srbije do sada je pro\u0161lo vi\u0161e od 30.000 posetilaca, a ovom gostuju\u0107om izlo\u017ebom najavljuje se bogat i raznovrstan program sa brojnim novitetima slede\u0107e godine.<\/p>\n","protected":false},"excerpt":{"rendered":"<p>SVILAJNAC-Izlo\u017eba ,,Svet riba ju\u017enog Jadrana\u201d Prirodnja\u010dkog muzeja iz Beograda otvorena je u utorak uve\u010de u Prirodnja\u010dkom centru Srbije u Svilajncu. Re\u010d je o prvoj gostuju\u0107oj &hellip; <\/p>\n","protected":false},"author":4,"featured_media":1373,"comment_status":"open","ping_status":"open","sticky":false,"template":"","format":"standard","meta":{"footnotes":""},"categories":[2,15,12],"tags":[288,289,38],"_links":{"self":[{"href":"https:\/\/centralmedia.rs\/index.php\/wp-json\/wp\/v2\/posts\/1372"}],"collection":[{"href":"https:\/\/centralmedia.rs\/index.php\/wp-json\/wp\/v2\/posts"}],"about":[{"href":"https:\/\/centralmedia.rs\/index.php\/wp-json\/wp\/v2\/types\/post"}],"author":[{"embeddable":true,"href":"https:\/\/centralmedia.rs\/index.php\/wp-json\/wp\/v2\/users\/4"}],"replies":[{"embeddable":true,"href":"https:\/\/centralmedia.rs\/index.php\/wp-json\/wp\/v2\/comments?post=1372"}],"version-history":[{"count":0,"href":"https:\/\/centralmedia.rs\/index.php\/wp-json\/wp\/v2\/posts\/1372\/revisions"}],"wp:featuredmedia":[{"embeddable":true,"href":"https:\/\/centralmedia.rs\/index.php\/wp-json\/wp\/v2\/media\/1373"}],"wp:attachment":[{"href":"https:\/\/centralmedia.rs\/index.php\/wp-json\/wp\/v2\/media?parent=1372"}],"wp:term":[{"taxonomy":"category","embeddable":true,"href":"https:\/\/centralmedia.rs\/index.php\/wp-json\/wp\/v2\/categories?post=1372"},{"taxonomy":"post_tag","embeddable":true,"href":"https:\/\/centralmedia.rs\/index.php\/wp-json\/wp\/v2\/tags?post=1372"}],"curies":[{"name":"wp","href":"https:\/\/api.w.org\/{rel}","templated":true}]}}