{"id":13730,"date":"2018-09-07T11:40:19","date_gmt":"2018-09-07T11:40:19","guid":{"rendered":"http:\/\/centralmedia.rs\/?p=13730"},"modified":"2018-09-07T11:40:19","modified_gmt":"2018-09-07T11:40:19","slug":"stamatovic-vucic-da-se-zakune-da-nikada-nece-priznati-niti-podeliti-kim","status":"publish","type":"post","link":"https:\/\/centralmedia.rs\/index.php\/2018\/09\/07\/stamatovic-vucic-da-se-zakune-da-nikada-nece-priznati-niti-podeliti-kim\/","title":{"rendered":"STAMATOVI\u0106: VU\u010cI\u0106 DA SE ZAKUNE DA NIKADA NE\u0106E PRIZNATI, NITI PODELITI KIM"},"content":{"rendered":"<p>\u010cAJETINA &#8211; Srbi sa Kosova i Metohije, ali i svi gra\u0111ani Srbije od Vu\u010di\u0107a sutra o\u010dekuju samo dve stvari: da se, kao prilikom polaganja predsedni\u010dke zakletve, na Ustavu i Jevan\u0111elju, ponovo zakune da nikada ne\u0107e priznati niti deliti KiM na \u0161ta ga obavezuje najvi\u0161i pravni akt dr\u017eave \u010diji je predsednik, i da kona\u010dno saop\u0161ti ko je nalogodavac, a ko izvr\u0161ilac ubistva Olivera Ivanovi\u0107a &#8211; izjavio je predsednik Inicijativnog odbora Zdrave Srbije (ZS) Milan Stamatovi\u0107, predla\u017eu\u0107i Vu\u010di\u0107u da mu prvi trag za odgovor na ovo drugo pitanje bude dokumentacija \u017deljka Mitrovi\u0107a i TV Pink u kojoj, prema Zakonu o ogla\u0161avanju, sigurno stoji podatak ko je naru\u010dio i platio TV poternicu koja je otvorila &#8220;sezonu lova&#8221; na pokojnog Olivera.<\/p>\n<p>&#8211; Ako &#8220;Bogomdani&#8221; sutra, kao nedavno u Grdeli\u010dkoj klisuri, bude ludovao crtaju\u0107i nekakve mape ru\u0161enja brda, isu\u0161ivanja reka i preme\u0161tanja ravnica, to bilo bi igranje vatrom, ponajpre, sa sopstvenim narodom i svim gra\u0111anima Srbije, ali, paralelno, i sa NATO okupatorima i teroristi\u010dkim vlastima na KiM. A ako to, ipak, poku\u0161a, nema druge nego da jedna tre\u0107ina narodnih poslanika Narodne sku\u0161tine inicira prema Ustavnom sudu postupak odlu\u010divanja o povredi Ustava od strane predsednika Republike &#8211; rekao je Stamatovi\u0107, upozoravaju\u0107i, istovremeno, &#8220;gluvoneme&#8221; sudije Ustavnog suda da se dozovu pametu i da prestanu da sau\u010destvuju u Vu\u010di\u0107evoj veleizdaji, jer ni oni nisu imuni od sleduju\u0107e krivi\u010dne odgovornosti, i pozivaju\u0107i Regulatorno telo za elektronske medije da zabrani rijaliti &#8220;Zadruga 2&#8221; koji je zami\u0161ljen kao hipnoza za gra\u0111ane, dok im Vu\u010di\u0107, iza le\u0111a, izdaje 17 odsto teritorije Srbije!<\/p>\n<p>&nbsp;<\/p>\n","protected":false},"excerpt":{"rendered":"<p>\u010cAJETINA &#8211; Srbi sa Kosova i Metohije, ali i svi gra\u0111ani Srbije od Vu\u010di\u0107a sutra o\u010dekuju samo dve stvari: da se, kao prilikom polaganja predsedni\u010dke &hellip; <\/p>\n","protected":false},"author":2,"featured_media":13731,"comment_status":"open","ping_status":"open","sticky":false,"template":"","format":"standard","meta":{"footnotes":""},"categories":[2875,2,13,887,12],"tags":[2762,1794],"_links":{"self":[{"href":"https:\/\/centralmedia.rs\/index.php\/wp-json\/wp\/v2\/posts\/13730"}],"collection":[{"href":"https:\/\/centralmedia.rs\/index.php\/wp-json\/wp\/v2\/posts"}],"about":[{"href":"https:\/\/centralmedia.rs\/index.php\/wp-json\/wp\/v2\/types\/post"}],"author":[{"embeddable":true,"href":"https:\/\/centralmedia.rs\/index.php\/wp-json\/wp\/v2\/users\/2"}],"replies":[{"embeddable":true,"href":"https:\/\/centralmedia.rs\/index.php\/wp-json\/wp\/v2\/comments?post=13730"}],"version-history":[{"count":1,"href":"https:\/\/centralmedia.rs\/index.php\/wp-json\/wp\/v2\/posts\/13730\/revisions"}],"predecessor-version":[{"id":13732,"href":"https:\/\/centralmedia.rs\/index.php\/wp-json\/wp\/v2\/posts\/13730\/revisions\/13732"}],"wp:featuredmedia":[{"embeddable":true,"href":"https:\/\/centralmedia.rs\/index.php\/wp-json\/wp\/v2\/media\/13731"}],"wp:attachment":[{"href":"https:\/\/centralmedia.rs\/index.php\/wp-json\/wp\/v2\/media?parent=13730"}],"wp:term":[{"taxonomy":"category","embeddable":true,"href":"https:\/\/centralmedia.rs\/index.php\/wp-json\/wp\/v2\/categories?post=13730"},{"taxonomy":"post_tag","embeddable":true,"href":"https:\/\/centralmedia.rs\/index.php\/wp-json\/wp\/v2\/tags?post=13730"}],"curies":[{"name":"wp","href":"https:\/\/api.w.org\/{rel}","templated":true}]}}