{"id":13745,"date":"2018-09-07T12:19:15","date_gmt":"2018-09-07T12:19:15","guid":{"rendered":"http:\/\/centralmedia.rs\/?p=13745"},"modified":"2018-09-11T14:04:40","modified_gmt":"2018-09-11T14:04:40","slug":"55-medunarodni-resavski-poljoprivredni-sajam","status":"publish","type":"post","link":"https:\/\/centralmedia.rs\/index.php\/2018\/09\/07\/55-medunarodni-resavski-poljoprivredni-sajam\/","title":{"rendered":"55. ME\u0110UNARODNI RESAVSKI POLJOPRIVREDNI SAJAM"},"content":{"rendered":"<p>SVILAJNAC- U utorak 11. septembra Svilajnac organizuje tradicionalni, 55. Resavski poljoprivredni sajam, koji \u0107e se odr\u017eati na prostoru Poljoprivredno-veterinarske \u0161kole sa Domom u\u010denika Svilajnac.<\/p>\n<p>Sve\u010dano otvaranje sajma je u 10 \u010dasova, a program obuhvata izlo\u017ebu goveda i ovaca, predstavljanje poljoprivredne mehanizacije, proizvo\u0111a\u010da i distributera sto\u010dne hrane, predstavljanje proizvo\u0111a\u010da sredstava za za\u0161titu bilja, izlo\u017ebu p\u010delinjih proizvoda, proizvoda doma\u0107e radinosti i sl.<\/p>\n<p>Izlo\u017eba gove\u010deta simentalske rase je centralni doga\u0111aj sajma, s obzirom da je ovo poznati sto\u010darski kraj, sa tradicijom u izlaganju goveda du\u017eom od jednog veka, jer je sto\u010dna izlo\u017eba prvi put u Svilajncu odr\u017eana jo\u0161 davne 1895. godine. Prijavljeno je oko 90 grla goveda simentalne rase, a svako grlo op\u0161tina Svilajnac \u0107e simboli\u010dno nagraditi. Nagrade su obezbe\u0111ene za pratilje, \u0161ampionke i za apsolutnu \u0161ampionku Resavskog sajma koja \u0107e osvojiti nagradu od 50.000 dinara.<\/p>\n<p>Od 2008. godine termin odr\u017eavanja je ubele\u017een u Me\u0111unarodni kalendar izlo\u017ebi stoke koji godi\u0161nje objavljuje Me\u0111unarodno udru\u017eenje sto\u010dara, \u0161to je samoj izlo\u017ebi dalo jednu novu dimenziju i me\u0111unarodni zna\u010daj.<\/p>\n","protected":false},"excerpt":{"rendered":"<p>SVILAJNAC- U utorak 11. septembra Svilajnac organizuje tradicionalni, 55. Resavski poljoprivredni sajam, koji \u0107e se odr\u017eati na prostoru Poljoprivredno-veterinarske \u0161kole sa Domom u\u010denika Svilajnac. Sve\u010dano &hellip; <\/p>\n","protected":false},"author":2,"featured_media":13747,"comment_status":"open","ping_status":"open","sticky":false,"template":"","format":"standard","meta":{"footnotes":""},"categories":[22,887,12,1517],"tags":[1375,2948],"_links":{"self":[{"href":"https:\/\/centralmedia.rs\/index.php\/wp-json\/wp\/v2\/posts\/13745"}],"collection":[{"href":"https:\/\/centralmedia.rs\/index.php\/wp-json\/wp\/v2\/posts"}],"about":[{"href":"https:\/\/centralmedia.rs\/index.php\/wp-json\/wp\/v2\/types\/post"}],"author":[{"embeddable":true,"href":"https:\/\/centralmedia.rs\/index.php\/wp-json\/wp\/v2\/users\/2"}],"replies":[{"embeddable":true,"href":"https:\/\/centralmedia.rs\/index.php\/wp-json\/wp\/v2\/comments?post=13745"}],"version-history":[{"count":1,"href":"https:\/\/centralmedia.rs\/index.php\/wp-json\/wp\/v2\/posts\/13745\/revisions"}],"predecessor-version":[{"id":13748,"href":"https:\/\/centralmedia.rs\/index.php\/wp-json\/wp\/v2\/posts\/13745\/revisions\/13748"}],"wp:featuredmedia":[{"embeddable":true,"href":"https:\/\/centralmedia.rs\/index.php\/wp-json\/wp\/v2\/media\/13747"}],"wp:attachment":[{"href":"https:\/\/centralmedia.rs\/index.php\/wp-json\/wp\/v2\/media?parent=13745"}],"wp:term":[{"taxonomy":"category","embeddable":true,"href":"https:\/\/centralmedia.rs\/index.php\/wp-json\/wp\/v2\/categories?post=13745"},{"taxonomy":"post_tag","embeddable":true,"href":"https:\/\/centralmedia.rs\/index.php\/wp-json\/wp\/v2\/tags?post=13745"}],"curies":[{"name":"wp","href":"https:\/\/api.w.org\/{rel}","templated":true}]}}