{"id":13771,"date":"2018-09-07T17:20:27","date_gmt":"2018-09-07T17:20:27","guid":{"rendered":"http:\/\/centralmedia.rs\/?p=13771"},"modified":"2018-09-15T11:05:00","modified_gmt":"2018-09-15T11:05:00","slug":"groznica-zapadnog-nila-ubija-u-pomoravlju-dva-smrtna-slucaja-i-troje-obolelilih","status":"publish","type":"post","link":"https:\/\/centralmedia.rs\/index.php\/2018\/09\/07\/groznica-zapadnog-nila-ubija-u-pomoravlju-dva-smrtna-slucaja-i-troje-obolelilih\/","title":{"rendered":"GROZNICA ZAPADNOG NILA UBIJA U POMORAVLJU &#8211; DVA SMRTNA SLU\u010cAJA I TROJE OBOLELILIH"},"content":{"rendered":"<p>\u0106UPRIJA- U Despotovcu i Para\u0107inu zabele\u017eena su dva smrtna u proteklih nedelju dana slu\u010daja zbog groznice Zapadnog Nila, dok je kod troje lica potvr\u0111en virus, dvoje su izle\u010dena, a jedno lice ima te\u017ei oblik i hospitalizovano je u KBC Ni\u0161, potvr\u0111eno je u Zavodu za javno zdravlje u \u0106upriji.<\/p>\n<p>&#8211; Prvu informaciju o pojavi groznice Zapadnog Nila na teritoriji Pomoravlja dobili smo iz Infektivne klinike za tropske bolesti KBC Kragujevac i uz prijavu smrti 29. avgusta mu\u0161karca (70) iz Velikog Popovi\u0107a kod Despotovca. Re\u010d je o te\u017eoj klini\u010dkoj slici, odnosno neuroinvazivni oblik groznice koji se izuzetno retko sre\u0107e u manje od 1 odsto slu\u010dajeva. Zatim smo 3. septembra iz KBC Kragujevac dobili prijavu smrti mu\u0161karca (74) iz Para\u0107ina koji je tako\u0111e imao te\u0161ku klini\u010dku sliku. Imali smo tri sumnje oboljevanja sa mnogo bla\u017eom kli\u010dkom slikom, uzeta je krv i poslata na Torlak, gde je potvr\u0111en virus, ka\u017ee dr Vesna Stefanovi\u0107 .<\/p>\n<p>\u017dena (57) iz Despotovca je ambulantno le\u010dena, druga \u017eena (55) iz Despotovca je hospitalizovana i izle\u010dena,\u00a0 dok \u00a0mu\u0161karac (78) iz Drenovca kod Para\u0107ina ima te\u017ei oblik groznice, neuroinvazivni, i nalazi se na le\u010denju u Infektivnoj klinici KBC Ni\u0161.<\/p>\n<p>&#8211; Virus groznice Zapadnog Nila je prvi put registrovan u Pomoravlju. Veterinarski institut u Jagodini je u avgustu izolovao virus na zara\u017eenim komarcima. Re\u010d je o op\u0161tini \u0106uprija u selu Ostrikovac i Para\u0107in u selu \u010cepure. Monitoring za virus Zpadnog Nila radi se kontinuirano i do avugusta nije bio registrovan. U julu nije bilo ni\u010dega,ali u avgustu smo dobili potvrdu da imamo zara\u017eene komarce na ovoj teritoriji, isti\u010de dr Vesna Stefanovi\u0107.<\/p>\n","protected":false},"excerpt":{"rendered":"<p>\u0106UPRIJA- U Despotovcu i Para\u0107inu zabele\u017eena su dva smrtna u proteklih nedelju dana slu\u010daja zbog groznice Zapadnog Nila, dok je kod troje lica potvr\u0111en virus, &hellip; <\/p>\n","protected":false},"author":2,"featured_media":13772,"comment_status":"open","ping_status":"open","sticky":false,"template":"","format":"standard","meta":{"footnotes":""},"categories":[1515,28,2,887,12],"tags":[51,3090,156,352,3091],"_links":{"self":[{"href":"https:\/\/centralmedia.rs\/index.php\/wp-json\/wp\/v2\/posts\/13771"}],"collection":[{"href":"https:\/\/centralmedia.rs\/index.php\/wp-json\/wp\/v2\/posts"}],"about":[{"href":"https:\/\/centralmedia.rs\/index.php\/wp-json\/wp\/v2\/types\/post"}],"author":[{"embeddable":true,"href":"https:\/\/centralmedia.rs\/index.php\/wp-json\/wp\/v2\/users\/2"}],"replies":[{"embeddable":true,"href":"https:\/\/centralmedia.rs\/index.php\/wp-json\/wp\/v2\/comments?post=13771"}],"version-history":[{"count":1,"href":"https:\/\/centralmedia.rs\/index.php\/wp-json\/wp\/v2\/posts\/13771\/revisions"}],"predecessor-version":[{"id":13773,"href":"https:\/\/centralmedia.rs\/index.php\/wp-json\/wp\/v2\/posts\/13771\/revisions\/13773"}],"wp:featuredmedia":[{"embeddable":true,"href":"https:\/\/centralmedia.rs\/index.php\/wp-json\/wp\/v2\/media\/13772"}],"wp:attachment":[{"href":"https:\/\/centralmedia.rs\/index.php\/wp-json\/wp\/v2\/media?parent=13771"}],"wp:term":[{"taxonomy":"category","embeddable":true,"href":"https:\/\/centralmedia.rs\/index.php\/wp-json\/wp\/v2\/categories?post=13771"},{"taxonomy":"post_tag","embeddable":true,"href":"https:\/\/centralmedia.rs\/index.php\/wp-json\/wp\/v2\/tags?post=13771"}],"curies":[{"name":"wp","href":"https:\/\/api.w.org\/{rel}","templated":true}]}}