{"id":13817,"date":"2018-09-10T16:54:22","date_gmt":"2018-09-10T16:54:22","guid":{"rendered":"http:\/\/centralmedia.rs\/?p=13817"},"modified":"2018-09-15T11:13:19","modified_gmt":"2018-09-15T11:13:19","slug":"maticev-sal-branislavi-busic","status":"publish","type":"post","link":"https:\/\/centralmedia.rs\/index.php\/2018\/09\/10\/maticev-sal-branislavi-busic\/","title":{"rendered":"MATI\u0106EV \u0160AL BRANISLAVI BU\u0160I\u0106"},"content":{"rendered":"<p style=\"line-height: 14.75pt; background: white; margin: 0in 0in 14.75pt 0in;\"><span style=\"font-size: 8.5pt; font-family: 'Verdana','sans-serif'; color: #222222;\">Branislava Bu\u0161i\u0107, \u010dija je knjiga \u201eU uhu duh (a\/u)\u201d objavljena u XVI kolu edicije \u201ePrvenac\u201d SKC-a Kragujevac, ovogodi\u0161nja je dobitnica nagrade \u201cMati\u0107ev \u0161al\u201d, koja se dodeljuje na manifestaciji \u201cMati\u0107evi dani\u201d, posve\u0107enoj knji\u017eevniku, nadrealisti, akademiku i diplomati Du\u0161anu Mati\u0107u, rodjenom u \u0106upriji pre 120 godina.<\/span><\/p>\n<p style=\"line-height: 14.75pt; background: white; box-sizing: border-box; word-wrap: break-word; font-variant-ligatures: normal; font-variant-caps: normal; orphans: 2; text-align: start; widows: 2; -webkit-text-stroke-width: 0px; text-decoration-style: initial; text-decoration-color: initial; word-spacing: 0px; margin: 0in 0in 14.75pt 0in;\"><span style=\"font-size: 8.5pt; font-family: 'Verdana','sans-serif'; color: #222222;\">U okviru manifestacije \u201eMati\u0107evi dani\u201d, koja se odr\u017eava po 37. put, a otvorena je 6. septembra u \u0107uprijskom Domu kulture \u201cSin\u0111eli\u0107\u201d, dodeljuje se nagrada \u201eMati\u0107ev \u0161al\u201d autorima mla\u0111im od 27 godina \u010dije su knjige objavljene izme\u0111u dve manifestacije.<\/span><\/p>\n<p style=\"line-height: 14.75pt; background: white; box-sizing: border-box; word-wrap: break-word; font-variant-ligatures: normal; font-variant-caps: normal; orphans: 2; text-align: start; widows: 2; -webkit-text-stroke-width: 0px; text-decoration-style: initial; text-decoration-color: initial; word-spacing: 0px; margin: 0in 0in 14.75pt 0in;\"><span style=\"font-size: 8.5pt; font-family: 'Verdana','sans-serif'; color: #222222;\">\u017diri u sastavu Radoslav Andri\u0107, predsednik Udru\u017eenja knji\u017eevnika Srbije, LJiljana \u0110or\u0111evi\u0107, direktorka Narodne biblioteke \u201cDu\u0161an Mati\u0107\u201d iz \u0106uprije i Vidak Maslovari\u0107, knji\u017eevnik i novinar Radio Beograda, doneo je odluku da ove godine nagradu dobije Sla\u0111ana Branislava Bu\u0161i\u0107, \u010dija je knjiga \u201eU uhu duh (a\/u)\u201d objavljena u XVI kolu edicije \u201ePrvenac\u201d SKC-a Kragujevac.<\/span><\/p>\n","protected":false},"excerpt":{"rendered":"<p>Branislava Bu\u0161i\u0107, \u010dija je knjiga \u201eU uhu duh (a\/u)\u201d objavljena u XVI kolu edicije \u201ePrvenac\u201d SKC-a Kragujevac, ovogodi\u0161nja je dobitnica nagrade \u201cMati\u0107ev \u0161al\u201d, koja se &hellip; <\/p>\n","protected":false},"author":2,"featured_media":13818,"comment_status":"open","ping_status":"open","sticky":false,"template":"","format":"standard","meta":{"footnotes":""},"categories":[1515,2,15,887,12],"tags":[44,1223,3095],"_links":{"self":[{"href":"https:\/\/centralmedia.rs\/index.php\/wp-json\/wp\/v2\/posts\/13817"}],"collection":[{"href":"https:\/\/centralmedia.rs\/index.php\/wp-json\/wp\/v2\/posts"}],"about":[{"href":"https:\/\/centralmedia.rs\/index.php\/wp-json\/wp\/v2\/types\/post"}],"author":[{"embeddable":true,"href":"https:\/\/centralmedia.rs\/index.php\/wp-json\/wp\/v2\/users\/2"}],"replies":[{"embeddable":true,"href":"https:\/\/centralmedia.rs\/index.php\/wp-json\/wp\/v2\/comments?post=13817"}],"version-history":[{"count":1,"href":"https:\/\/centralmedia.rs\/index.php\/wp-json\/wp\/v2\/posts\/13817\/revisions"}],"predecessor-version":[{"id":13819,"href":"https:\/\/centralmedia.rs\/index.php\/wp-json\/wp\/v2\/posts\/13817\/revisions\/13819"}],"wp:featuredmedia":[{"embeddable":true,"href":"https:\/\/centralmedia.rs\/index.php\/wp-json\/wp\/v2\/media\/13818"}],"wp:attachment":[{"href":"https:\/\/centralmedia.rs\/index.php\/wp-json\/wp\/v2\/media?parent=13817"}],"wp:term":[{"taxonomy":"category","embeddable":true,"href":"https:\/\/centralmedia.rs\/index.php\/wp-json\/wp\/v2\/categories?post=13817"},{"taxonomy":"post_tag","embeddable":true,"href":"https:\/\/centralmedia.rs\/index.php\/wp-json\/wp\/v2\/tags?post=13817"}],"curies":[{"name":"wp","href":"https:\/\/api.w.org\/{rel}","templated":true}]}}