{"id":13825,"date":"2018-09-11T13:53:39","date_gmt":"2018-09-11T13:53:39","guid":{"rendered":"http:\/\/centralmedia.rs\/?p=13825"},"modified":"2018-09-15T11:04:14","modified_gmt":"2018-09-15T11:04:14","slug":"svilajnacki-55-medunarodni-resavski-poljoprivredni-sajam-venera-apsolutna-sampionka","status":"publish","type":"post","link":"https:\/\/centralmedia.rs\/index.php\/2018\/09\/11\/svilajnacki-55-medunarodni-resavski-poljoprivredni-sajam-venera-apsolutna-sampionka\/","title":{"rendered":"SVILAJNA\u010cKI 55. ME\u0110UNARODNI RESAVSKI POLJOPRIVREDNI SAJAM &#8211; VENERA APSOLUTNA \u0160AMPIONKA"},"content":{"rendered":"<p>SVILAJNAC- Apsolutna \u0161ampionka svilajna\u010dkog 55. Resavskog poljoprivrednog sajma je krava Venera vlasnika Dragana Todorovi\u0107a iz Dublja. Pored pehara, vlasnik je nagra\u0111en sa 50.000 dinara. \u00a0U kategoriji junica \u0161ampionka je grlo Karolina u vlasni\u0161tvu Nenada Tomi\u0107 iz Ku\u0161iljeva, u kategoriji prvotelki \u0161ampionka je Vi\u0161nja vlasnika Dragana Todorovi\u0107a iz Dublja, u kategoriji krava \u0161ampionka je Mina vlasni\u0161tvo Poljoprivredne \u0161kole u Svilajncu. U konkurenciji je bilo 95 grla simentalske rase.<\/p>\n<p>&#8211; Imam 30 grla u \u0161talama, \u0161to zahteva veliki rad i posve\u0107enost. Bez prekida tokom cele godine svi \u010dlanovi doma\u0107instva rade. Od govedarstva mo\u017ee da se \u017eivi pristojno, ali velika su odricanja, ka\u017ee Todorovi\u0107a najbolji odgajiva\u010d na ovogodi\u0161njem sajmu.<\/p>\n<div id='gallery-1' class='gallery galleryid-13825 gallery-columns-4 gallery-size-full'><figure class='gallery-item'>\n\t\t\t<div class='gallery-icon landscape'>\n\t\t\t\t<a href='https:\/\/centralmedia.rs\/index.php\/2018\/09\/11\/svilajnacki-55-medunarodni-resavski-poljoprivredni-sajam-venera-apsolutna-sampionka\/karolina\/'><img loading=\"lazy\" decoding=\"async\" width=\"900\" height=\"675\" src=\"https:\/\/centralmedia.rs\/wp-content\/uploads\/2018\/09\/karolina.jpg\" class=\"attachment-full size-full\" alt=\"\" srcset=\"https:\/\/centralmedia.rs\/wp-content\/uploads\/2018\/09\/karolina.jpg 900w, https:\/\/centralmedia.rs\/wp-content\/uploads\/2018\/09\/karolina-300x225.jpg 300w, https:\/\/centralmedia.rs\/wp-content\/uploads\/2018\/09\/karolina-768x576.jpg 768w, https:\/\/centralmedia.rs\/wp-content\/uploads\/2018\/09\/karolina-560x420.jpg 560w, https:\/\/centralmedia.rs\/wp-content\/uploads\/2018\/09\/karolina-80x60.jpg 80w, https:\/\/centralmedia.rs\/wp-content\/uploads\/2018\/09\/karolina-100x75.jpg 100w, https:\/\/centralmedia.rs\/wp-content\/uploads\/2018\/09\/karolina-180x135.jpg 180w, https:\/\/centralmedia.rs\/wp-content\/uploads\/2018\/09\/karolina-238x178.jpg 238w, https:\/\/centralmedia.rs\/wp-content\/uploads\/2018\/09\/karolina-640x480.jpg 640w, https:\/\/centralmedia.rs\/wp-content\/uploads\/2018\/09\/karolina-681x511.jpg 681w\" sizes=\"(max-width: 900px) 100vw, 900px\" \/><\/a>\n\t\t\t<\/div><\/figure><figure class='gallery-item'>\n\t\t\t<div class='gallery-icon landscape'>\n\t\t\t\t<a href='https:\/\/centralmedia.rs\/index.php\/2018\/09\/11\/svilajnacki-55-medunarodni-resavski-poljoprivredni-sajam-venera-apsolutna-sampionka\/mina\/'><img loading=\"lazy\" decoding=\"async\" width=\"900\" height=\"675\" src=\"https:\/\/centralmedia.rs\/wp-content\/uploads\/2018\/09\/mina.jpg\" class=\"attachment-full size-full\" alt=\"\" srcset=\"https:\/\/centralmedia.rs\/wp-content\/uploads\/2018\/09\/mina.jpg 900w, https:\/\/centralmedia.rs\/wp-content\/uploads\/2018\/09\/mina-300x225.jpg 300w, https:\/\/centralmedia.rs\/wp-content\/uploads\/2018\/09\/mina-768x576.jpg 768w, https:\/\/centralmedia.rs\/wp-content\/uploads\/2018\/09\/mina-560x420.jpg 560w, https:\/\/centralmedia.rs\/wp-content\/uploads\/2018\/09\/mina-80x60.jpg 80w, https:\/\/centralmedia.rs\/wp-content\/uploads\/2018\/09\/mina-100x75.jpg 100w, https:\/\/centralmedia.rs\/wp-content\/uploads\/2018\/09\/mina-180x135.jpg 180w, https:\/\/centralmedia.rs\/wp-content\/uploads\/2018\/09\/mina-238x178.jpg 238w, https:\/\/centralmedia.rs\/wp-content\/uploads\/2018\/09\/mina-640x480.jpg 640w, https:\/\/centralmedia.rs\/wp-content\/uploads\/2018\/09\/mina-681x511.jpg 681w\" sizes=\"(max-width: 900px) 100vw, 900px\" \/><\/a>\n\t\t\t<\/div><\/figure><figure class='gallery-item'>\n\t\t\t<div class='gallery-icon landscape'>\n\t\t\t\t<a href='https:\/\/centralmedia.rs\/index.php\/2018\/09\/11\/svilajnacki-55-medunarodni-resavski-poljoprivredni-sajam-venera-apsolutna-sampionka\/venera-1\/'><img loading=\"lazy\" decoding=\"async\" width=\"900\" height=\"675\" src=\"https:\/\/centralmedia.rs\/wp-content\/uploads\/2018\/09\/venera-1.jpg\" class=\"attachment-full size-full\" alt=\"\" srcset=\"https:\/\/centralmedia.rs\/wp-content\/uploads\/2018\/09\/venera-1.jpg 900w, https:\/\/centralmedia.rs\/wp-content\/uploads\/2018\/09\/venera-1-300x225.jpg 300w, https:\/\/centralmedia.rs\/wp-content\/uploads\/2018\/09\/venera-1-768x576.jpg 768w, https:\/\/centralmedia.rs\/wp-content\/uploads\/2018\/09\/venera-1-560x420.jpg 560w, https:\/\/centralmedia.rs\/wp-content\/uploads\/2018\/09\/venera-1-80x60.jpg 80w, https:\/\/centralmedia.rs\/wp-content\/uploads\/2018\/09\/venera-1-100x75.jpg 100w, https:\/\/centralmedia.rs\/wp-content\/uploads\/2018\/09\/venera-1-180x135.jpg 180w, https:\/\/centralmedia.rs\/wp-content\/uploads\/2018\/09\/venera-1-238x178.jpg 238w, https:\/\/centralmedia.rs\/wp-content\/uploads\/2018\/09\/venera-1-640x480.jpg 640w, https:\/\/centralmedia.rs\/wp-content\/uploads\/2018\/09\/venera-1-681x511.jpg 681w\" sizes=\"(max-width: 900px) 100vw, 900px\" \/><\/a>\n\t\t\t<\/div><\/figure><figure class='gallery-item'>\n\t\t\t<div class='gallery-icon landscape'>\n\t\t\t\t<a href='https:\/\/centralmedia.rs\/index.php\/2018\/09\/11\/svilajnacki-55-medunarodni-resavski-poljoprivredni-sajam-venera-apsolutna-sampionka\/visnja\/'><img loading=\"lazy\" decoding=\"async\" width=\"900\" height=\"675\" src=\"https:\/\/centralmedia.rs\/wp-content\/uploads\/2018\/09\/visnja.jpg\" class=\"attachment-full size-full\" alt=\"\" srcset=\"https:\/\/centralmedia.rs\/wp-content\/uploads\/2018\/09\/visnja.jpg 900w, https:\/\/centralmedia.rs\/wp-content\/uploads\/2018\/09\/visnja-300x225.jpg 300w, https:\/\/centralmedia.rs\/wp-content\/uploads\/2018\/09\/visnja-768x576.jpg 768w, https:\/\/centralmedia.rs\/wp-content\/uploads\/2018\/09\/visnja-560x420.jpg 560w, https:\/\/centralmedia.rs\/wp-content\/uploads\/2018\/09\/visnja-80x60.jpg 80w, https:\/\/centralmedia.rs\/wp-content\/uploads\/2018\/09\/visnja-100x75.jpg 100w, https:\/\/centralmedia.rs\/wp-content\/uploads\/2018\/09\/visnja-180x135.jpg 180w, https:\/\/centralmedia.rs\/wp-content\/uploads\/2018\/09\/visnja-238x178.jpg 238w, https:\/\/centralmedia.rs\/wp-content\/uploads\/2018\/09\/visnja-640x480.jpg 640w, https:\/\/centralmedia.rs\/wp-content\/uploads\/2018\/09\/visnja-681x511.jpg 681w\" sizes=\"(max-width: 900px) 100vw, 900px\" \/><\/a>\n\t\t\t<\/div><\/figure>\n\t\t<\/div>\n\n<p>Pratilje u svakoj kategoriji su nagra\u0111ene sa po 20.000 dinara i \u0161ampionke kategorija 40.000, dok je svako izlo\u017eeno grlo dobilo po 5.000. Sajam je odr\u017ean u prostoru Poljoprivredno-veterinarske \u0161kole sa Domom u\u010denika Svilajnac.<\/p>\n<p>&#8211; Op\u0161tina Svilajnac zna\u010dajna sredstva ula\u017ee u poljoprivredu i to je na godi\u0161njem nivou oko 100 miliona dinara, direktno i indirektno. Re\u010d je o beskamatnim kreditima, besplatnom osemenjavanju i mati\u010denju, ula\u017eu se sredstva u infrastrukturu. Najnovija i najbitnija stvar je projekat navodnjavanja na 3.000 hektara. Zavr\u0161avamo projektnu dokumentaciju i o\u010dekujemo da posao bude zavr\u0161en za dve godine. Procenjena vrednost je 11 miliona dolara. To \u0107e doprineti stabilnosti u poljoprivrednoj proizvodnji, kao i za\u0161titi od poplava, rekao je predsednik Op\u0161tine Svilajnac Predrag Milanovi\u0107<\/p>\n<p>Program sajma obuhvatio je izlo\u017ebu ovaca, predstavljanje poljoprivredne mehanizacije, proizvo\u0111a\u010da i distributera sto\u010dne hrane, predstavljanje proizvo\u0111a\u010da sredstava za za\u0161titu bilja, izlo\u017ebu p\u010delinjih proizvoda, proizvoda doma\u0107e radinosti i proizvoda starih zanata.<\/p>\n<p>Izlo\u017eba gove\u010deta simentalske rase je bio centralni doga\u0111aj sajma, s obzirom da je ovo poznati sto\u010darski kraj, sa tradicijom u izlaganju goveda du\u017eom od jednog veka, jer je sto\u010dna izlo\u017eba prvi put u Svilajncu odr\u017eana jo\u0161 davne 1895. godine. Od 2008. godine termin odr\u017eavanja je ubele\u017een u Me\u0111unarodni kalendar izlo\u017ebi stoke koji godi\u0161nje objavljuje Me\u0111unarodno udru\u017eenje sto\u010dara, \u0161to je samoj izlo\u017ebi dalo jednu novu dimenziju i me\u0111unarodni zna\u010daj.<\/p>\n<p>&nbsp;<\/p>\n<p>&nbsp;<\/p>\n","protected":false},"excerpt":{"rendered":"<p>SVILAJNAC- Apsolutna \u0161ampionka svilajna\u010dkog 55. Resavskog poljoprivrednog sajma je krava Venera vlasnika Dragana Todorovi\u0107a iz Dublja. Pored pehara, vlasnik je nagra\u0111en sa 50.000 dinara. \u00a0U &hellip; <\/p>\n","protected":false},"author":2,"featured_media":13826,"comment_status":"open","ping_status":"open","sticky":false,"template":"","format":"standard","meta":{"footnotes":""},"categories":[14,2,887,12,1517],"tags":[2278,38],"_links":{"self":[{"href":"https:\/\/centralmedia.rs\/index.php\/wp-json\/wp\/v2\/posts\/13825"}],"collection":[{"href":"https:\/\/centralmedia.rs\/index.php\/wp-json\/wp\/v2\/posts"}],"about":[{"href":"https:\/\/centralmedia.rs\/index.php\/wp-json\/wp\/v2\/types\/post"}],"author":[{"embeddable":true,"href":"https:\/\/centralmedia.rs\/index.php\/wp-json\/wp\/v2\/users\/2"}],"replies":[{"embeddable":true,"href":"https:\/\/centralmedia.rs\/index.php\/wp-json\/wp\/v2\/comments?post=13825"}],"version-history":[{"count":3,"href":"https:\/\/centralmedia.rs\/index.php\/wp-json\/wp\/v2\/posts\/13825\/revisions"}],"predecessor-version":[{"id":13833,"href":"https:\/\/centralmedia.rs\/index.php\/wp-json\/wp\/v2\/posts\/13825\/revisions\/13833"}],"wp:featuredmedia":[{"embeddable":true,"href":"https:\/\/centralmedia.rs\/index.php\/wp-json\/wp\/v2\/media\/13826"}],"wp:attachment":[{"href":"https:\/\/centralmedia.rs\/index.php\/wp-json\/wp\/v2\/media?parent=13825"}],"wp:term":[{"taxonomy":"category","embeddable":true,"href":"https:\/\/centralmedia.rs\/index.php\/wp-json\/wp\/v2\/categories?post=13825"},{"taxonomy":"post_tag","embeddable":true,"href":"https:\/\/centralmedia.rs\/index.php\/wp-json\/wp\/v2\/tags?post=13825"}],"curies":[{"name":"wp","href":"https:\/\/api.w.org\/{rel}","templated":true}]}}