{"id":13846,"date":"2018-09-12T11:58:10","date_gmt":"2018-09-12T11:58:10","guid":{"rendered":"http:\/\/centralmedia.rs\/?p=13846"},"modified":"2018-09-15T11:03:26","modified_gmt":"2018-09-15T11:03:26","slug":"samostalni-sindikat-grad-nezaposlenih-u-pomoravlju-od-25-000-ljudi","status":"publish","type":"post","link":"https:\/\/centralmedia.rs\/index.php\/2018\/09\/12\/samostalni-sindikat-grad-nezaposlenih-u-pomoravlju-od-25-000-ljudi\/","title":{"rendered":"SAMOSTALNI SINDIKAT: GRAD NEZAPOSLENIH U POMORAVLJU OD 25.000 LJUDI"},"content":{"rendered":"<p>JAGODINA- U Pomoravlju imamo grad nezaposlenih od 25.000 ljudi, situacija se dodatno pogor\u0161ala kada su radnici napustili Jagodinsku pivaru i Fabriku kablova, kao i Srpsku fabriku stakla, rekao je predsednik pomoravskog Ve\u0107a samostalnog sindikata Miroslav Gaji\u0107 na dana\u0161njem sastanku sa predsednikom tog sindikata Ljubisavom Orbovi\u0107em.<\/p>\n<p>-Potrebne su ivesticije ili jedan ve\u0107i gigant kako bi zaposlili one koji u izgubili posao, kao i nove nezaposlene, dodao\u00a0 je on.<img loading=\"lazy\" decoding=\"async\" class=\"alignnone size-medium wp-image-13848\" src=\"http:\/\/centralmedia.rs\/wp-content\/uploads\/2018\/09\/ss1-300x146.jpg\" alt=\"\" width=\"300\" height=\"146\" srcset=\"https:\/\/centralmedia.rs\/wp-content\/uploads\/2018\/09\/ss1-300x146.jpg 300w, https:\/\/centralmedia.rs\/wp-content\/uploads\/2018\/09\/ss1-768x373.jpg 768w, https:\/\/centralmedia.rs\/wp-content\/uploads\/2018\/09\/ss1-1024x498.jpg 1024w, https:\/\/centralmedia.rs\/wp-content\/uploads\/2018\/09\/ss1-864x420.jpg 864w, https:\/\/centralmedia.rs\/wp-content\/uploads\/2018\/09\/ss1-640x311.jpg 640w, https:\/\/centralmedia.rs\/wp-content\/uploads\/2018\/09\/ss1-681x331.jpg 681w, https:\/\/centralmedia.rs\/wp-content\/uploads\/2018\/09\/ss1.jpg 1080w\" sizes=\"(max-width: 300px) 100vw, 300px\" \/><\/p>\n<p>Orbovi\u0107 se osvrnuo na minimalnu cenu rada i rekao da sindikat ne mo\u017ee da bude nezadovoljan, jer je minilana cena rasla u protekel tri godine 28 odsto, ali problem \u0161to je prose\u010dna zarada rasle svega 10 odsto.<\/p>\n<p>&#8211; O\u010dekujemo da posle sastanka sa MMF bude ukinut Zakon od umenjenju zarada od 10 odsto, ali i povea\u0107nje u javnom sektoru do 6 do 12 odsto. To \u0107e doprineti pove\u0107anju zarada. Minimalna i prose\u010dna zarada u Srbiji su vi\u0161e od jedino do zarada u Albaniji, Makedoniji i Bugarskoj, to je porazno. Minimalac je 230 evra. Na\u0161 cilj je da minimalna zarada u naredne tri godine dostigne cenu potro\u0161a\u010dke korpe, rekao je on.<\/p>\n<p>Orbovi\u0107 je dodao da sindikata ne mo\u017ee da uti\u010de na situaciju i re\u0161avanje problema u Jagodinskog pivari i Fabrici kablova.<\/p>\n","protected":false},"excerpt":{"rendered":"<p>JAGODINA- U Pomoravlju imamo grad nezaposlenih od 25.000 ljudi, situacija se dodatno pogor\u0161ala kada su radnici napustili Jagodinsku pivaru i Fabriku kablova, kao i Srpsku &hellip; <\/p>\n","protected":false},"author":2,"featured_media":13847,"comment_status":"open","ping_status":"open","sticky":false,"template":"","format":"standard","meta":{"footnotes":""},"categories":[22,2,1514,12],"tags":[58,3098,352,275],"_links":{"self":[{"href":"https:\/\/centralmedia.rs\/index.php\/wp-json\/wp\/v2\/posts\/13846"}],"collection":[{"href":"https:\/\/centralmedia.rs\/index.php\/wp-json\/wp\/v2\/posts"}],"about":[{"href":"https:\/\/centralmedia.rs\/index.php\/wp-json\/wp\/v2\/types\/post"}],"author":[{"embeddable":true,"href":"https:\/\/centralmedia.rs\/index.php\/wp-json\/wp\/v2\/users\/2"}],"replies":[{"embeddable":true,"href":"https:\/\/centralmedia.rs\/index.php\/wp-json\/wp\/v2\/comments?post=13846"}],"version-history":[{"count":1,"href":"https:\/\/centralmedia.rs\/index.php\/wp-json\/wp\/v2\/posts\/13846\/revisions"}],"predecessor-version":[{"id":13849,"href":"https:\/\/centralmedia.rs\/index.php\/wp-json\/wp\/v2\/posts\/13846\/revisions\/13849"}],"wp:featuredmedia":[{"embeddable":true,"href":"https:\/\/centralmedia.rs\/index.php\/wp-json\/wp\/v2\/media\/13847"}],"wp:attachment":[{"href":"https:\/\/centralmedia.rs\/index.php\/wp-json\/wp\/v2\/media?parent=13846"}],"wp:term":[{"taxonomy":"category","embeddable":true,"href":"https:\/\/centralmedia.rs\/index.php\/wp-json\/wp\/v2\/categories?post=13846"},{"taxonomy":"post_tag","embeddable":true,"href":"https:\/\/centralmedia.rs\/index.php\/wp-json\/wp\/v2\/tags?post=13846"}],"curies":[{"name":"wp","href":"https:\/\/api.w.org\/{rel}","templated":true}]}}