{"id":1385,"date":"2015-12-03T11:17:47","date_gmt":"2015-12-03T11:17:47","guid":{"rendered":"http:\/\/centralmedia.rs\/?p=1385"},"modified":"2015-12-03T21:00:40","modified_gmt":"2015-12-03T21:00:40","slug":"pavicevic-naprednjaci-najgora-vlast-posle-2000-godine","status":"publish","type":"post","link":"https:\/\/centralmedia.rs\/index.php\/2015\/12\/03\/pavicevic-naprednjaci-najgora-vlast-posle-2000-godine\/","title":{"rendered":"PAVI\u0106EVI\u0106- NAPREDNJACI NAJGORA VLAST POSLE 2000 GODINE"},"content":{"rendered":"<p>SVILAJNAC-Zamenik predsednika Nove Stranke Vladimir Pavi\u0107evi\u0107 ocenio je u Svilajncu da SNS predvodi najgoru vlast u Srbiji od 2000 godine.<br \/>\n\t-Saglasan sam da je ova vlast najgora od svih koje su bile posle 2000 godine. Najbolji je period od 2001 do 2004 godine, onda bele\u017eimo pad, a ovo je najve\u0107i pad u post petooktobarskoj Srbiji, rekao je on gostuju\u0107i u emisiji ,,Usijanje\u201c TV Centar.<br \/>\n-U Srbiji smo 5. oktobra izvojevali pobedu koja ozna\u010dava kraj ,,Sultanisti\u010dkim\u201c mehanizmima vlasti, a Vu\u010di\u0107 poku\u0161ava da ih vrati, ne verujem da \u0107e mu uspeti, dodao je on.<br \/>\nPavi\u0107evi\u0107 isti\u010de da sada nije prilika da se pravi ne\u0161to po ugledu na DOS, nego treba fino definisati \u0161ta je to sa \u010dim sada imamo posla i shodno tome pravimo dogovore o savezima.<br \/>\n-Vu\u010di\u0107 u svojim javnim nastupima unosi puno elemenata glume. Njegovo gostovanje na RTS, onaj igrokaz sa mapom, meni to ni\u0161ta nije bilo uverljivo da sada mogu da uzmem jednu ta\u010dku i ka\u017eem ,,e sada mo\u017eemo da sudimo na ovaj na\u010din jer je Vu\u010di\u0107 uradio to i to\u201c&#8230;Igrokaz mi nije bio uverljiv, isti\u010de on.<br \/>\nPavi\u0107evi\u0107 je podsetio da je bio deo ekipe ljudi 2012 godine koja je zagovarala ,,bele listi\u0107e\u201c.<br \/>\n-Krajem 2011 godine procenili smo da tada\u0161nja vlast ne zaslu\u017euje dalju podr\u0161ku. Ljudi koji su vodili tu vlast, po na\u0161em sudu i ocenama, upropasitili su \u0161anse koje su imali. Smatrali smo da ti ljudi na narednim izborima treba da budu ka\u017enjeni. Njihovo ka\u017enjavanje je njihova odgovornost za ne delanje, koje je prili\u010dilo trenutku 2011-2012 godine. Saglasan sam da mo\u017ee i unazad da se razmi\u0161lja i u kojoj meri smo mi pogre\u0161no procenili neke stvari 2012 godine. Me\u0111utim, i sada kada se vratim u to doba i prisetim elemenata koji su karakterisali vladavinu od 2008 do 2012 godine, \u010dini mi se da je delanje ,,belih listi\u0107a\u201c bilo opravdano. Ako ni\u0161ta drugo ..beli listi\u0107i\u201c slu\u017ei\u0107e Naprednjacima kao opomena, zaklju\u010duje on.<\/p>\n","protected":false},"excerpt":{"rendered":"<p>SVILAJNAC-Zamenik predsednika Nove Stranke Vladimir Pavi\u0107evi\u0107 ocenio je u Svilajncu da SNS predvodi najgoru vlast u Srbiji od 2000 godine. -Saglasan sam da je ova &hellip; <\/p>\n","protected":false},"author":4,"featured_media":1386,"comment_status":"open","ping_status":"open","sticky":false,"template":"","format":"standard","meta":{"footnotes":""},"categories":[2,13,12],"tags":[299,298,38],"_links":{"self":[{"href":"https:\/\/centralmedia.rs\/index.php\/wp-json\/wp\/v2\/posts\/1385"}],"collection":[{"href":"https:\/\/centralmedia.rs\/index.php\/wp-json\/wp\/v2\/posts"}],"about":[{"href":"https:\/\/centralmedia.rs\/index.php\/wp-json\/wp\/v2\/types\/post"}],"author":[{"embeddable":true,"href":"https:\/\/centralmedia.rs\/index.php\/wp-json\/wp\/v2\/users\/4"}],"replies":[{"embeddable":true,"href":"https:\/\/centralmedia.rs\/index.php\/wp-json\/wp\/v2\/comments?post=1385"}],"version-history":[{"count":0,"href":"https:\/\/centralmedia.rs\/index.php\/wp-json\/wp\/v2\/posts\/1385\/revisions"}],"wp:featuredmedia":[{"embeddable":true,"href":"https:\/\/centralmedia.rs\/index.php\/wp-json\/wp\/v2\/media\/1386"}],"wp:attachment":[{"href":"https:\/\/centralmedia.rs\/index.php\/wp-json\/wp\/v2\/media?parent=1385"}],"wp:term":[{"taxonomy":"category","embeddable":true,"href":"https:\/\/centralmedia.rs\/index.php\/wp-json\/wp\/v2\/categories?post=1385"},{"taxonomy":"post_tag","embeddable":true,"href":"https:\/\/centralmedia.rs\/index.php\/wp-json\/wp\/v2\/tags?post=1385"}],"curies":[{"name":"wp","href":"https:\/\/api.w.org\/{rel}","templated":true}]}}