{"id":13862,"date":"2018-09-13T12:44:48","date_gmt":"2018-09-13T12:44:48","guid":{"rendered":"http:\/\/centralmedia.rs\/?p=13862"},"modified":"2018-09-15T11:03:00","modified_gmt":"2018-09-15T11:03:00","slug":"protest-advokata-u-jagodini-zahtevaju-hapsenje-ubica-i-nalogodavaca-ubistva-nemanje-stojanovica","status":"publish","type":"post","link":"https:\/\/centralmedia.rs\/index.php\/2018\/09\/13\/protest-advokata-u-jagodini-zahtevaju-hapsenje-ubica-i-nalogodavaca-ubistva-nemanje-stojanovica\/","title":{"rendered":"PROTEST ADVOKATA U JAGODINI &#8211; ZAHTEVAJU HAP\u0160ENJE UBICA I NALOGODAVACA UBISTVA NEMANJE STOJANOVI\u0106A"},"content":{"rendered":"<p>JAGODINA- Advokatska komora iz Kragujevca organizovala je danas protest advokata ispred PU Jagodina zahtevaju\u0107i hap\u0161enje ubica i nalogodavaca ubistva njihovog kolege Nemanje Stojanovi\u0107a (27). Danas se navr\u0161ilo godinu dana od ubistva mladog advokata. On je likvidiran sa \u010detiri hica ispred zgrade u kojoj je stanovao.<\/p>\n<p>&#8211; Mi smo ogor\u010deni na PU Jagodina. Okupili smo se da protestujemo i da na\u010delniku i operativi ka\u017eemo da hitno re\u0161e ovaj slu\u010daj. Godinu dana ne preduzima ni\u0161ta, niti rade. Bruka je da se ovolika ubistva ne razre\u0161e, rekao je predsednik Advokatske komore Kragujevac Zvonko Markovi\u0107.<\/p>\n<div id='gallery-1' class='gallery galleryid-13862 gallery-columns-5 gallery-size-thumbnail'><figure class='gallery-item'>\n\t\t\t<div class='gallery-icon landscape'>\n\t\t\t\t<a href='https:\/\/centralmedia.rs\/index.php\/2018\/09\/13\/protest-advokata-u-jagodini-zahtevaju-hapsenje-ubica-i-nalogodavaca-ubistva-nemanje-stojanovica\/m-3\/'><img loading=\"lazy\" decoding=\"async\" width=\"150\" height=\"150\" src=\"https:\/\/centralmedia.rs\/wp-content\/uploads\/2018\/09\/m-1-150x150.jpg\" class=\"attachment-thumbnail size-thumbnail\" alt=\"\" \/><\/a>\n\t\t\t<\/div><\/figure><figure class='gallery-item'>\n\t\t\t<div class='gallery-icon landscape'>\n\t\t\t\t<a href='https:\/\/centralmedia.rs\/index.php\/2018\/09\/13\/protest-advokata-u-jagodini-zahtevaju-hapsenje-ubica-i-nalogodavaca-ubistva-nemanje-stojanovica\/m1\/'><img loading=\"lazy\" decoding=\"async\" width=\"150\" height=\"150\" src=\"https:\/\/centralmedia.rs\/wp-content\/uploads\/2018\/09\/m1-150x150.jpg\" class=\"attachment-thumbnail size-thumbnail\" alt=\"\" \/><\/a>\n\t\t\t<\/div><\/figure><figure class='gallery-item'>\n\t\t\t<div class='gallery-icon landscape'>\n\t\t\t\t<a href='https:\/\/centralmedia.rs\/index.php\/2018\/09\/13\/protest-advokata-u-jagodini-zahtevaju-hapsenje-ubica-i-nalogodavaca-ubistva-nemanje-stojanovica\/n\/'><img loading=\"lazy\" decoding=\"async\" width=\"150\" height=\"150\" src=\"https:\/\/centralmedia.rs\/wp-content\/uploads\/2018\/09\/n-150x150.jpg\" class=\"attachment-thumbnail size-thumbnail\" alt=\"\" \/><\/a>\n\t\t\t<\/div><\/figure><figure class='gallery-item'>\n\t\t\t<div class='gallery-icon landscape'>\n\t\t\t\t<a href='https:\/\/centralmedia.rs\/index.php\/2018\/09\/13\/protest-advokata-u-jagodini-zahtevaju-hapsenje-ubica-i-nalogodavaca-ubistva-nemanje-stojanovica\/y\/'><img loading=\"lazy\" decoding=\"async\" width=\"150\" height=\"150\" src=\"https:\/\/centralmedia.rs\/wp-content\/uploads\/2018\/09\/y-150x150.jpg\" class=\"attachment-thumbnail size-thumbnail\" alt=\"\" \/><\/a>\n\t\t\t<\/div><\/figure><figure class='gallery-item'>\n\t\t\t<div class='gallery-icon landscape'>\n\t\t\t\t<a href='https:\/\/centralmedia.rs\/index.php\/2018\/09\/13\/protest-advokata-u-jagodini-zahtevaju-hapsenje-ubica-i-nalogodavaca-ubistva-nemanje-stojanovica\/z-2\/'><img loading=\"lazy\" decoding=\"async\" width=\"150\" height=\"150\" src=\"https:\/\/centralmedia.rs\/wp-content\/uploads\/2018\/09\/z-1-150x150.jpg\" class=\"attachment-thumbnail size-thumbnail\" alt=\"\" \/><\/a>\n\t\t\t<\/div><\/figure>\n\t\t<\/div>\n\n<p>Nemanjin otac Miroslav obratio se kolegama pro\u010ditav\u0161i poruku koleginice iz Trestenika i pismom patrijarha SPC Irineja.<\/p>\n<p>-Moj sin je bio primer svakome, trebao je da bude jedan od najve\u0107ih advokata. Vodio je preko 100 predmeta i zavr\u0161io, kao advokatski pripravnik. \u00a0\u00a0Nisam zadovoljan radom policije, vi\u0161e puta su mi govorili da je prioritet ubistvo Nemanje,da ima dokaza, da ima nalogodavca, ali ja ne znam ko su nalogodavac i \u00a0izvr\u0161ilac. Mislim da oni znaju. Moj sin nikada nije imao sukobe, kao i ni moja proodica. Sem \u0161to policija ima dokaze da je Nemanja gre\u0161kom ubijen, siguran sam da znaju i ko su nogodavac i izvr\u0161ilac, rekao je otac pokojnog Nemanje.<\/p>\n<p>On je najavio da \u0107e se obratiti svim advokatskim asocijacijama u Evropi.<\/p>\n","protected":false},"excerpt":{"rendered":"<p>JAGODINA- Advokatska komora iz Kragujevca organizovala je danas protest advokata ispred PU Jagodina zahtevaju\u0107i hap\u0161enje ubica i nalogodavaca ubistva njihovog kolege Nemanje Stojanovi\u0107a (27). Danas &hellip; <\/p>\n","protected":false},"author":2,"featured_media":13863,"comment_status":"open","ping_status":"open","sticky":false,"template":"","format":"standard","meta":{"footnotes":""},"categories":[20,2,1514,887,12],"tags":[2295,58,2309,2296],"_links":{"self":[{"href":"https:\/\/centralmedia.rs\/index.php\/wp-json\/wp\/v2\/posts\/13862"}],"collection":[{"href":"https:\/\/centralmedia.rs\/index.php\/wp-json\/wp\/v2\/posts"}],"about":[{"href":"https:\/\/centralmedia.rs\/index.php\/wp-json\/wp\/v2\/types\/post"}],"author":[{"embeddable":true,"href":"https:\/\/centralmedia.rs\/index.php\/wp-json\/wp\/v2\/users\/2"}],"replies":[{"embeddable":true,"href":"https:\/\/centralmedia.rs\/index.php\/wp-json\/wp\/v2\/comments?post=13862"}],"version-history":[{"count":1,"href":"https:\/\/centralmedia.rs\/index.php\/wp-json\/wp\/v2\/posts\/13862\/revisions"}],"predecessor-version":[{"id":13869,"href":"https:\/\/centralmedia.rs\/index.php\/wp-json\/wp\/v2\/posts\/13862\/revisions\/13869"}],"wp:featuredmedia":[{"embeddable":true,"href":"https:\/\/centralmedia.rs\/index.php\/wp-json\/wp\/v2\/media\/13863"}],"wp:attachment":[{"href":"https:\/\/centralmedia.rs\/index.php\/wp-json\/wp\/v2\/media?parent=13862"}],"wp:term":[{"taxonomy":"category","embeddable":true,"href":"https:\/\/centralmedia.rs\/index.php\/wp-json\/wp\/v2\/categories?post=13862"},{"taxonomy":"post_tag","embeddable":true,"href":"https:\/\/centralmedia.rs\/index.php\/wp-json\/wp\/v2\/tags?post=13862"}],"curies":[{"name":"wp","href":"https:\/\/api.w.org\/{rel}","templated":true}]}}