{"id":13870,"date":"2018-09-13T12:53:03","date_gmt":"2018-09-13T12:53:03","guid":{"rendered":"http:\/\/centralmedia.rs\/?p=13870"},"modified":"2018-09-22T09:04:14","modified_gmt":"2018-09-22T09:04:14","slug":"kosovska-policija-uhapsila-poverenika-hilandara-glasao-na-izborima-za-srpsku-listu","status":"publish","type":"post","link":"https:\/\/centralmedia.rs\/index.php\/2018\/09\/13\/kosovska-policija-uhapsila-poverenika-hilandara-glasao-na-izborima-za-srpsku-listu\/","title":{"rendered":"KOSOVSKA POLICIJA UHAPSILA POVERENIKA HILANDARA &#8211; GLASAO NA IZBORIMA ZA SRPSKU LISTU"},"content":{"rendered":"<p>PRI\u0160TINA- Kosovska policija uhapsila i dr\u017eala u pritvoru 30 sati poverenika manastira Hilandra i teologa Milo\u0161a Stojkovi\u0107. On je \u0161iroj javnosti poznat po blokadi tribine u Beogradu na kojoj je trebalo da Atifete Jahjage.<\/p>\n<p>&#8211; Kao raseljeno lice i predsednik Koalicije raseljenih sa KIM krenuo sam u Kosovsku Mitrovicu, hteo sam da obi\u0111em De\u010dane i Pe\u0107ku Patrija\u0161iju, ali sam na grani\u010dnom prelazu uhap\u0161en kao poslednji kriminalac. Oni imaju tajnu ,,stop listu&#8221; za Srbe za koju niko ne zna. Pokazao sam dokumenta na granici, oni su nas sklonili sa strane. Posle nekoliko minuta kazali su mi da sam na toj ,,crnoj&#8221; listi i da sam otu\u017een za te\u0161ka klrivi\u010dna dela. Sproveli su me do Vitine, moga rodnog grada, odakle sam proteran. Srbi pripadnici policije bili su korektni. Patrola iz Vitine me je sprovela, u njoj su bili Srbi i dobro je da Srbi budu u tim institucijama. Nadle\u017eni sudija iz Pri\u0161tine zahtevao je da mi se odredi policijsko zadr\u017eavanje. U pritvoru sam proveo 30 sati. Optu\u017een sam za najte\u017ea krivi\u010dna dela za koje je nadle\u017eeno Specijalno tu\u017eila\u0161tvo u Pri\u0161tini. Nisam znao za\u0161ta me terete. To je slika i poruka svim raseljenima. Mojim hap\u0161enjem pokazali su svima \u0161ta ih \u010deka koji \u017eele da do\u0111u na svoja ognji\u0161ta, pri\u010da Stojkovi\u0107.<\/p>\n<p>Tri i po sata je davao izjavu. Sudila je Albanka uz pomo\u0107 prevodioca.Stojkovi\u0107 je optu\u017een sam za dva dela, koja bi kod nas bila prekr\u0161ajna kazna.<\/p>\n<p>&#8211; Optu\u017een sam da sam glasao za Srpsku listu i da sam svojim radom na teritoriji KIM spre\u010davao ljude da glasaju za druge.\u00a0 Druga otu\u017enica se odnosila na izazivanje me\u0111uetni\u010dkog konflikta, odnosno pri\u010dao sam da sam proteran iz svoje ku\u0107e i to je za njih me\u0111uetni\u010dki konflikt, obja\u0161njava Stojkovi\u0107.<\/p>\n<p>On je sudiji pokazao li\u010dnu kartu Srbije, a ona mu je kazala da je strani dr\u017ealjanin, neuva\u017eavaju\u0107i njegovo demokratsko pravo.<\/p>\n<p>&#8211; Da li je neki Albanac\u00a0 iz Pre\u0161evske Doline uhap\u0161en zbog zalaganja da se ta teritorija pripojti Kosovu?\u00a0 Sudija je zahtevala da mi se odredi pritvor do 30 dana zbog sumnje da se ne\u0107u odazivati sudskim pozivima, jer sam strani dr\u017eavljanin. Prigovorili smo na to, jer nisam nikada nikakvo krivi\u010dno delo u\u010dinio u \u017eivotu. Ja po njima \u017eivim u dijaspori, a oni su me proterali. Doneta je odluka da me puste na slobodu uz naredbu da ne napu\u0161am teritoriju KIM, me\u0111utim, ja sam iza\u0161ao sa KIM. Redovno \u0107u se odazivati sudskim procesima. Meni odgovora da im bar prkosim i poru\u010dujem im da \u0107emo stalno da se vi\u0111amo, isti\u010de Stojkovi\u0107.<\/p>\n<p>On je najavio da \u0107e podneti krivi\u010dne prijave protiv Bo\u017eidara i \u017darka Dejanovi\u0107a, kao i Mom\u010dila Stojkovi\u0107a koji su ga prijavili Albancima<\/p>\n<p>&#8211; Optu\u017een sam da sam do 2014. do 2017. godine u\u010destvovao u falsifikovanju izbora na KIM. Glasao sam sa svojom\u00a0 porodicom na izborima. Glasao sam za Srbiju i bio je problem \u0161to sam pozivao Srbe da glasaju za svoju listu, da sa\u010duvamo glave i identitet, navodi Stojkovi\u0107.<\/p>\n","protected":false},"excerpt":{"rendered":"<p>PRI\u0160TINA- Kosovska policija uhapsila i dr\u017eala u pritvoru 30 sati poverenika manastira Hilandra i teologa Milo\u0161a Stojkovi\u0107. On je \u0161iroj javnosti poznat po blokadi tribine &hellip; <\/p>\n","protected":false},"author":2,"featured_media":13871,"comment_status":"open","ping_status":"open","sticky":false,"template":"","format":"standard","meta":{"footnotes":""},"categories":[2,13,12],"tags":[148,3101,181,3100],"_links":{"self":[{"href":"https:\/\/centralmedia.rs\/index.php\/wp-json\/wp\/v2\/posts\/13870"}],"collection":[{"href":"https:\/\/centralmedia.rs\/index.php\/wp-json\/wp\/v2\/posts"}],"about":[{"href":"https:\/\/centralmedia.rs\/index.php\/wp-json\/wp\/v2\/types\/post"}],"author":[{"embeddable":true,"href":"https:\/\/centralmedia.rs\/index.php\/wp-json\/wp\/v2\/users\/2"}],"replies":[{"embeddable":true,"href":"https:\/\/centralmedia.rs\/index.php\/wp-json\/wp\/v2\/comments?post=13870"}],"version-history":[{"count":1,"href":"https:\/\/centralmedia.rs\/index.php\/wp-json\/wp\/v2\/posts\/13870\/revisions"}],"predecessor-version":[{"id":13872,"href":"https:\/\/centralmedia.rs\/index.php\/wp-json\/wp\/v2\/posts\/13870\/revisions\/13872"}],"wp:featuredmedia":[{"embeddable":true,"href":"https:\/\/centralmedia.rs\/index.php\/wp-json\/wp\/v2\/media\/13871"}],"wp:attachment":[{"href":"https:\/\/centralmedia.rs\/index.php\/wp-json\/wp\/v2\/media?parent=13870"}],"wp:term":[{"taxonomy":"category","embeddable":true,"href":"https:\/\/centralmedia.rs\/index.php\/wp-json\/wp\/v2\/categories?post=13870"},{"taxonomy":"post_tag","embeddable":true,"href":"https:\/\/centralmedia.rs\/index.php\/wp-json\/wp\/v2\/tags?post=13870"}],"curies":[{"name":"wp","href":"https:\/\/api.w.org\/{rel}","templated":true}]}}