{"id":13875,"date":"2018-09-13T13:25:24","date_gmt":"2018-09-13T13:25:24","guid":{"rendered":"http:\/\/centralmedia.rs\/?p=13875"},"modified":"2018-09-22T09:04:05","modified_gmt":"2018-09-22T09:04:05","slug":"maticev-sal-dodeljen-sladani-branislavi-busic","status":"publish","type":"post","link":"https:\/\/centralmedia.rs\/index.php\/2018\/09\/13\/maticev-sal-dodeljen-sladani-branislavi-busic\/","title":{"rendered":"MATI\u0106EV \u0160AL DODELJEN SLA\u0110ANI BRANISLAVI BU\u0160I\u0106"},"content":{"rendered":"<p>\u0106UPRIJA- Prema odluci \u017eirija 37. Mati\u0107evih dana u \u0106upriji nagrada Mati\u0107ev \u0161al za najbolju prvu knjigu autora mla\u0111ih od 27 godina danas je dodeljena Sla\u0111ani Branislavi Bu\u0161i\u0107 iz Kragujevca za knjigu \u201eU uhu duh (a\/u)\u201d.<\/p>\n<p>&#8211; Njena poezija je nesvakida\u0161njaobiluje raznolikim datostima \u017eivota, podre\u0111enog kontroverznim zna\u010denjima. Ona pripada samosvojnoj generaciji i poeti\u010dki upu\u0107enoj na stranu avangradnog Mati\u0107evskog pesni\u010dkog iskustva, rekao je predsenik Udru\u017eenja knji\u017eevnika Srbije Radomir Andri\u0107.<\/p>\n<p><img loading=\"lazy\" decoding=\"async\" class=\"alignnone wp-image-13876 size-full\" src=\"http:\/\/centralmedia.rs\/wp-content\/uploads\/2018\/09\/s-1.jpg\" alt=\"\" width=\"675\" height=\"900\" srcset=\"https:\/\/centralmedia.rs\/wp-content\/uploads\/2018\/09\/s-1.jpg 675w, https:\/\/centralmedia.rs\/wp-content\/uploads\/2018\/09\/s-1-225x300.jpg 225w, https:\/\/centralmedia.rs\/wp-content\/uploads\/2018\/09\/s-1-315x420.jpg 315w, https:\/\/centralmedia.rs\/wp-content\/uploads\/2018\/09\/s-1-640x853.jpg 640w\" sizes=\"(max-width: 675px) 100vw, 675px\" \/><\/p>\n<p>&#8211; Divan je ose\u0107aj i \u010dista je poezija biti u gradu Du\u0161ana Mati\u0107a. Danas u 21. veku kada se svi \u017eale na malde i govore kako ne \u010ditaju, kako ne pi\u0161u, ne bih rekala tako, mislim da je suprotno i da \u0107e tek biti mladih ljudi koji \u0107e dobiti ovu nagradu. Ovo je ngrada koji su bili, svih koji su tu i koji \u0107e tek do\u0107i, zato takav naziv knjige. Inspiracija je svuda oko nas.Mati\u0107 i vladika Nikolaj su govorili da pesnik treba da vidu u najve\u0107oj sre\u0107i, u cvetu da vidi osu\u0161en list, a da u izga\u017eenom treba da vidi pupoljak, kazala je dobitnica nagrade.<\/p>\n","protected":false},"excerpt":{"rendered":"<p>\u0106UPRIJA- Prema odluci \u017eirija 37. Mati\u0107evih dana u \u0106upriji nagrada Mati\u0107ev \u0161al za najbolju prvu knjigu autora mla\u0111ih od 27 godina danas je dodeljena Sla\u0111ani &hellip; <\/p>\n","protected":false},"author":2,"featured_media":13877,"comment_status":"open","ping_status":"open","sticky":false,"template":"","format":"standard","meta":{"footnotes":""},"categories":[1515,2,15,887,12],"tags":[44,1202,3095],"_links":{"self":[{"href":"https:\/\/centralmedia.rs\/index.php\/wp-json\/wp\/v2\/posts\/13875"}],"collection":[{"href":"https:\/\/centralmedia.rs\/index.php\/wp-json\/wp\/v2\/posts"}],"about":[{"href":"https:\/\/centralmedia.rs\/index.php\/wp-json\/wp\/v2\/types\/post"}],"author":[{"embeddable":true,"href":"https:\/\/centralmedia.rs\/index.php\/wp-json\/wp\/v2\/users\/2"}],"replies":[{"embeddable":true,"href":"https:\/\/centralmedia.rs\/index.php\/wp-json\/wp\/v2\/comments?post=13875"}],"version-history":[{"count":1,"href":"https:\/\/centralmedia.rs\/index.php\/wp-json\/wp\/v2\/posts\/13875\/revisions"}],"predecessor-version":[{"id":13878,"href":"https:\/\/centralmedia.rs\/index.php\/wp-json\/wp\/v2\/posts\/13875\/revisions\/13878"}],"wp:featuredmedia":[{"embeddable":true,"href":"https:\/\/centralmedia.rs\/index.php\/wp-json\/wp\/v2\/media\/13877"}],"wp:attachment":[{"href":"https:\/\/centralmedia.rs\/index.php\/wp-json\/wp\/v2\/media?parent=13875"}],"wp:term":[{"taxonomy":"category","embeddable":true,"href":"https:\/\/centralmedia.rs\/index.php\/wp-json\/wp\/v2\/categories?post=13875"},{"taxonomy":"post_tag","embeddable":true,"href":"https:\/\/centralmedia.rs\/index.php\/wp-json\/wp\/v2\/tags?post=13875"}],"curies":[{"name":"wp","href":"https:\/\/api.w.org\/{rel}","templated":true}]}}