{"id":13890,"date":"2018-09-15T10:56:59","date_gmt":"2018-09-15T10:56:59","guid":{"rendered":"http:\/\/centralmedia.rs\/?p=13890"},"modified":"2018-09-22T09:03:27","modified_gmt":"2018-09-22T09:03:27","slug":"uhapseni-razbojnici-otimali-od-zena-zlato-i-novac","status":"publish","type":"post","link":"https:\/\/centralmedia.rs\/index.php\/2018\/09\/15\/uhapseni-razbojnici-otimali-od-zena-zlato-i-novac\/","title":{"rendered":"UHAP\u0160ENI RAZBOJNICI &#8211; OTIMALI OD \u017dENA ZLATO I NOVAC"},"content":{"rendered":"<p>Pripadnici Ministarstva unutra\u0161njih poslova u Jagodini podneli su krivi\u010dnu prijavu u redovnom postupku protiv tri osobe zbog postojanja osnova sumnje da su izvr\u0161ili krivi\u010dno delo te\u0161ka kra\u0111a.<\/p>\n<p>Sumnja se da su dva mladi\u0107a, starosti 20 i 16 godina, otrgli o\u0161te\u0107enoj dva zlatna lanca sa vrata, vrednosti oko 60.000 dinara, a potom pobegli sa lica mesta.<\/p>\n<p>Postoje osnovi sumnje da je ovaj \u0161esnaestogodi\u0161njak izvr\u0161io te\u0161ku kra\u0111u sa jo\u0161 jednim vr\u0161njakom, tako \u0161to su drugoj o\u0161te\u0107enoj \u017eeni oteli nov\u010danik u kome se nalazilo 210 evra i oko pet hiljada dinara, nakon \u010dega je ona pala i zadobila lak\u0161e telesne povrede.<\/p>\n<p>Protiv osumnji\u010denog dvadesetogodi\u0161njaka bi\u0107e podneta krivi\u010dna prijava Osnovnom javnom tu\u017eila\u0161tvu u Jagodini, dok \u0107e protiv dvojice maloletnika biti podneta krivi\u010dna prijava Vi\u0161em javnom tu\u017eila\u0161tvu u Jagodini.<\/p>\n<p>&nbsp;<\/p>\n","protected":false},"excerpt":{"rendered":"<p>Pripadnici Ministarstva unutra\u0161njih poslova u Jagodini podneli su krivi\u010dnu prijavu u redovnom postupku protiv tri osobe zbog postojanja osnova sumnje da su izvr\u0161ili krivi\u010dno delo &hellip; <\/p>\n","protected":false},"author":2,"featured_media":13881,"comment_status":"open","ping_status":"open","sticky":false,"template":"","format":"standard","meta":{"footnotes":""},"categories":[20,2,1514,12],"tags":[58,1657],"_links":{"self":[{"href":"https:\/\/centralmedia.rs\/index.php\/wp-json\/wp\/v2\/posts\/13890"}],"collection":[{"href":"https:\/\/centralmedia.rs\/index.php\/wp-json\/wp\/v2\/posts"}],"about":[{"href":"https:\/\/centralmedia.rs\/index.php\/wp-json\/wp\/v2\/types\/post"}],"author":[{"embeddable":true,"href":"https:\/\/centralmedia.rs\/index.php\/wp-json\/wp\/v2\/users\/2"}],"replies":[{"embeddable":true,"href":"https:\/\/centralmedia.rs\/index.php\/wp-json\/wp\/v2\/comments?post=13890"}],"version-history":[{"count":2,"href":"https:\/\/centralmedia.rs\/index.php\/wp-json\/wp\/v2\/posts\/13890\/revisions"}],"predecessor-version":[{"id":13892,"href":"https:\/\/centralmedia.rs\/index.php\/wp-json\/wp\/v2\/posts\/13890\/revisions\/13892"}],"wp:featuredmedia":[{"embeddable":true,"href":"https:\/\/centralmedia.rs\/index.php\/wp-json\/wp\/v2\/media\/13881"}],"wp:attachment":[{"href":"https:\/\/centralmedia.rs\/index.php\/wp-json\/wp\/v2\/media?parent=13890"}],"wp:term":[{"taxonomy":"category","embeddable":true,"href":"https:\/\/centralmedia.rs\/index.php\/wp-json\/wp\/v2\/categories?post=13890"},{"taxonomy":"post_tag","embeddable":true,"href":"https:\/\/centralmedia.rs\/index.php\/wp-json\/wp\/v2\/tags?post=13890"}],"curies":[{"name":"wp","href":"https:\/\/api.w.org\/{rel}","templated":true}]}}