{"id":13909,"date":"2018-09-18T11:08:11","date_gmt":"2018-09-18T11:08:11","guid":{"rendered":"http:\/\/centralmedia.rs\/?p=13909"},"modified":"2018-09-23T07:52:04","modified_gmt":"2018-09-23T07:52:04","slug":"povelja-5-pesnickih-vatri-zlatiborskih-peri-zupcu","status":"publish","type":"post","link":"https:\/\/centralmedia.rs\/index.php\/2018\/09\/18\/povelja-5-pesnickih-vatri-zlatiborskih-peri-zupcu\/","title":{"rendered":"POVELJA 5. PESNI\u010cKIH VATRI ZLATIBORSKIH PERI ZUPCU"},"content":{"rendered":"<p>ZLATIBOR &#8211; \u201ePovelja pesni\u010dkih vatri\u201c za celokupno stvarala\u0161tvo bi\u0107e uru\u010dena Peru Zupcu, pesniku \u201eMostarskih ki\u0161a\u201c i hiljada drugih stihova sa kojima su stasale brojne generacije na balkanskim prostorima i u mnogim drugim zemljama. Manifestacija \u0107e biti odr\u017eana u petak 21. septembra sa po\u010detkom 18.30 \u010dasova u holu hotela \u201ePalisad\u201c .<br \/>\nOvo priznanje do sada su dobili pesnici: akademik Ljubomir Simovi\u0107, Radomir Andri\u0107 Ljubivoje R\u0161umovi\u0107.<br \/>\nU programu \u0107e nastupiti i u\u010desnici tradicionalnih me\u0111unarodnih Beogradskih susreta pisaca, gosti Udru\u017eenja knji\u017eenika Srbije iz Nema\u010dke, Turske, Ukrajine, Makedonije i njihovi doma\u0107ini iz Srbije: Ludvig Lege, Mesut \u0160enol, Dmitrij Buragov, Hristo Petreski, Miljurko Vukadinovi\u0107, Vojislav Vukoti\u0107, Mirjana Rankovi\u0107 Lukovi\u0107, i Milosav Radibratovi\u0107. Publika \u0107e imati priliku da pozdravi i \u010dlanove Hora Osnovne \u0161kole \u201eDimitrije Tucovi\u0107\u201c iz \u010cajetine i muzi\u010dke pedagoge Marka Kutle\u0161i\u0107a i Marka D\u017eambasovi\u0107a.<br \/>\nU\u010desnike, goste i publiku pozdravi\u0107e Milan Stamatovi\u0107, predsednik op\u0161tine \u010cajetina, a Povelju uru\u010diti Arsen \u0110uri\u0107, predsednik Organizacionog odbora ove tradicionalne kulturne manifestacije i zamenik predsednika op\u0161tine \u010cajetina. Zlatiborsko ve\u010de\u00a0 ukrasi\u0107e i\u00a0 velika vatra kod spomenika palim herojima na \u0160umatnom brdu, jednom od najlep\u0161ih vrhova Zlatibora, koju \u0107e zapaliti, Pero Zubac, dobitnik \u201ePovelje pesni\u010dkih vatri\u201c.<\/p>\n<p>Scenario i re\u017eiju potpisuju Aleksandar Avramovi\u0107 i Jovan Markovi\u0107, voditeljka programa je Marija Jeremi\u0107, a organizatori su\u00a0 Op\u0161tina \u010cajetina, Turisti\u010dka organizacija Zlatibor,Udru\u017eenje knji\u017eevnika Srbije, Produkcijska ku\u0107a \u201eFit\u201c iz Beograda i \u201eMaja film\u201c iz U\u017eica.<br \/>\nPrijatelji manifestacije: RTS \u2013 Izdava\u010dka delatnost, hotel \u201ePalisad\u201c i \u201ePrometej\u201c Novi Sad.<\/p>\n<p>I ove godine\u00a0 okupi\u0107e se majstori re\u010di i muzike, pesnici, glumci i peva\u010di i odati po\u0161tu velikanima\u00a0 knji\u017eevnosti Desanki Maksimovi\u0107 Bertoltu Brehtu, Milo\u0161u Crnjanskom, Federiku Garsiji Lorki, Rastku Petrovi\u0107u i Aleksi \u0160anti\u0107u.<br \/>\nNeponovljive stihove govori\u0107e i pevati glumci Du\u0161anka Stojanovi\u0107 Glid i Slobodan Ljubi\u010di\u0107 i muzi\u010dki umetnici Danka Stojiljkovi\u0107 i Ljubodrag Begovi\u0107. Peva\u010de \u0107e pratiti pijanista i kompozitor Rade Radivojevi\u0107.<\/p>\n<p>&nbsp;<\/p>\n","protected":false},"excerpt":{"rendered":"<p>ZLATIBOR &#8211; \u201ePovelja pesni\u010dkih vatri\u201c za celokupno stvarala\u0161tvo bi\u0107e uru\u010dena Peru Zupcu, pesniku \u201eMostarskih ki\u0161a\u201c i hiljada drugih stihova sa kojima su stasale brojne generacije &hellip; <\/p>\n","protected":false},"author":2,"featured_media":13910,"comment_status":"open","ping_status":"open","sticky":false,"template":"","format":"standard","meta":{"footnotes":""},"categories":[2875,2,15,887,12],"tags":[2762,3108,3107],"_links":{"self":[{"href":"https:\/\/centralmedia.rs\/index.php\/wp-json\/wp\/v2\/posts\/13909"}],"collection":[{"href":"https:\/\/centralmedia.rs\/index.php\/wp-json\/wp\/v2\/posts"}],"about":[{"href":"https:\/\/centralmedia.rs\/index.php\/wp-json\/wp\/v2\/types\/post"}],"author":[{"embeddable":true,"href":"https:\/\/centralmedia.rs\/index.php\/wp-json\/wp\/v2\/users\/2"}],"replies":[{"embeddable":true,"href":"https:\/\/centralmedia.rs\/index.php\/wp-json\/wp\/v2\/comments?post=13909"}],"version-history":[{"count":1,"href":"https:\/\/centralmedia.rs\/index.php\/wp-json\/wp\/v2\/posts\/13909\/revisions"}],"predecessor-version":[{"id":13911,"href":"https:\/\/centralmedia.rs\/index.php\/wp-json\/wp\/v2\/posts\/13909\/revisions\/13911"}],"wp:featuredmedia":[{"embeddable":true,"href":"https:\/\/centralmedia.rs\/index.php\/wp-json\/wp\/v2\/media\/13910"}],"wp:attachment":[{"href":"https:\/\/centralmedia.rs\/index.php\/wp-json\/wp\/v2\/media?parent=13909"}],"wp:term":[{"taxonomy":"category","embeddable":true,"href":"https:\/\/centralmedia.rs\/index.php\/wp-json\/wp\/v2\/categories?post=13909"},{"taxonomy":"post_tag","embeddable":true,"href":"https:\/\/centralmedia.rs\/index.php\/wp-json\/wp\/v2\/tags?post=13909"}],"curies":[{"name":"wp","href":"https:\/\/api.w.org\/{rel}","templated":true}]}}