{"id":13912,"date":"2018-09-18T11:18:40","date_gmt":"2018-09-18T11:18:40","guid":{"rendered":"http:\/\/centralmedia.rs\/?p=13912"},"modified":"2018-09-22T09:06:22","modified_gmt":"2018-09-22T09:06:22","slug":"krstovdanske-svecanosti-u-paracinu-ana-radovic-i-deciji-karneval-u-subotu","status":"publish","type":"post","link":"https:\/\/centralmedia.rs\/index.php\/2018\/09\/18\/krstovdanske-svecanosti-u-paracinu-ana-radovic-i-deciji-karneval-u-subotu\/","title":{"rendered":"KRSTOVDANSKE SVE\u010cANOSTI U PARA\u0106INU &#8211; ANA RADOVI\u0106 I DE\u010cIJI KARNEVAL U SUBOTU"},"content":{"rendered":"<p>PARA\u0106IN- U okviru Krstovdanskih sve\u010danosti i proslave Dana op\u0161tine Para\u0107in u subotu 22. septembra\u00a0biti odr\u017eani De\u010diji karneval i koncert Aleksandre Radovi\u0107 povodom. De\u010diji karneval\u00a0po\u010dinje u 12 sati defileom karnevalskih grupa glavnom ulicom, a koncert\u00a0Aleksandre Radovi\u0107\u00a0je zakazan za 20 na platou u centru grada.<\/p>\n<p><img loading=\"lazy\" decoding=\"async\" class=\"alignnone wp-image-13914 size-large\" src=\"http:\/\/centralmedia.rs\/wp-content\/uploads\/2018\/09\/dk-1024x314.jpg\" alt=\"\" width=\"640\" height=\"196\" srcset=\"https:\/\/centralmedia.rs\/wp-content\/uploads\/2018\/09\/dk-1024x314.jpg 1024w, https:\/\/centralmedia.rs\/wp-content\/uploads\/2018\/09\/dk-300x92.jpg 300w, https:\/\/centralmedia.rs\/wp-content\/uploads\/2018\/09\/dk-768x236.jpg 768w, https:\/\/centralmedia.rs\/wp-content\/uploads\/2018\/09\/dk-1369x420.jpg 1369w, https:\/\/centralmedia.rs\/wp-content\/uploads\/2018\/09\/dk-640x196.jpg 640w, https:\/\/centralmedia.rs\/wp-content\/uploads\/2018\/09\/dk-681x209.jpg 681w, https:\/\/centralmedia.rs\/wp-content\/uploads\/2018\/09\/dk.jpg 1597w\" sizes=\"(max-width: 640px) 100vw, 640px\" \/><\/p>\n","protected":false},"excerpt":{"rendered":"<p>PARA\u0106IN- U okviru Krstovdanskih sve\u010danosti i proslave Dana op\u0161tine Para\u0107in u subotu 22. septembra\u00a0biti odr\u017eani De\u010diji karneval i koncert Aleksandre Radovi\u0107 povodom. De\u010diji karneval\u00a0po\u010dinje u &hellip; <\/p>\n","protected":false},"author":2,"featured_media":13913,"comment_status":"open","ping_status":"open","sticky":false,"template":"","format":"standard","meta":{"footnotes":""},"categories":[2,15,1516,887,12],"tags":[3064,2894,1213,156],"_links":{"self":[{"href":"https:\/\/centralmedia.rs\/index.php\/wp-json\/wp\/v2\/posts\/13912"}],"collection":[{"href":"https:\/\/centralmedia.rs\/index.php\/wp-json\/wp\/v2\/posts"}],"about":[{"href":"https:\/\/centralmedia.rs\/index.php\/wp-json\/wp\/v2\/types\/post"}],"author":[{"embeddable":true,"href":"https:\/\/centralmedia.rs\/index.php\/wp-json\/wp\/v2\/users\/2"}],"replies":[{"embeddable":true,"href":"https:\/\/centralmedia.rs\/index.php\/wp-json\/wp\/v2\/comments?post=13912"}],"version-history":[{"count":1,"href":"https:\/\/centralmedia.rs\/index.php\/wp-json\/wp\/v2\/posts\/13912\/revisions"}],"predecessor-version":[{"id":13915,"href":"https:\/\/centralmedia.rs\/index.php\/wp-json\/wp\/v2\/posts\/13912\/revisions\/13915"}],"wp:featuredmedia":[{"embeddable":true,"href":"https:\/\/centralmedia.rs\/index.php\/wp-json\/wp\/v2\/media\/13913"}],"wp:attachment":[{"href":"https:\/\/centralmedia.rs\/index.php\/wp-json\/wp\/v2\/media?parent=13912"}],"wp:term":[{"taxonomy":"category","embeddable":true,"href":"https:\/\/centralmedia.rs\/index.php\/wp-json\/wp\/v2\/categories?post=13912"},{"taxonomy":"post_tag","embeddable":true,"href":"https:\/\/centralmedia.rs\/index.php\/wp-json\/wp\/v2\/tags?post=13912"}],"curies":[{"name":"wp","href":"https:\/\/api.w.org\/{rel}","templated":true}]}}