{"id":1393,"date":"2015-12-03T21:40:13","date_gmt":"2015-12-03T21:40:13","guid":{"rendered":"http:\/\/centralmedia.rs\/?p=1393"},"modified":"2015-12-03T21:40:13","modified_gmt":"2015-12-03T21:40:13","slug":"svilajncu-300-hiljada-evra-za-vodosnabdevanje","status":"publish","type":"post","link":"https:\/\/centralmedia.rs\/index.php\/2015\/12\/03\/svilajncu-300-hiljada-evra-za-vodosnabdevanje\/","title":{"rendered":"SVILAJNCU 300 HILJADA EVRA ZA VODOSNABDEVANJE"},"content":{"rendered":"<p>SVILAJNAC-Predsednik op\u0161tine Svilajnac Predrag Milanovi\u0107 izjavio je da je toj op\u0161tini iz programa UNDP za sanaciju sistema vodosnabdevanja namenjeno 300 hiljada evra od 3,2 miliona evra koje \u0107e biti plasirane u 27 op\u0161tina u Srbiji.<br \/>\n\t-Rekonstrukcijom izvori\u0161ta i 12 bunara, kao i izgradnjom hlorinatora i ugradnjom savremene opreme dobi\u0107emo bolji kvalitet vode i ve\u0107i kapacitet uz 2,5 kilometra izgradnje prve faze vodovodne mre\u017ee u Sedlaru. Vrednost projekta je 125 hiljada evra. Za drugu  fazu, koja podrazumeva priklju\u010dke po selu, obezbe\u0111eno je jo\u0161 150 hiljada evra, rekao je on.<br \/>\nRadove je obi\u0161ao predstavnik vlade Japana u UN Naoki Nihej i predstavnici UNDP &#8211; programa Ujedinjenih Nacija. Sedlare ima 220 doma\u0107instva, a na novu vodovodnu mre\u017eu prvo \u0107e biti priklju\u010dena O\u0160 \u201eBranko Radi\u010devi\u0107\u201c. To selo je najvi\u0161e bilo pogo\u0111eno poplavom od svih svilajna\u010dkih sela. Poplavni talas je 15. maja pro\u0161le godine prvo pogodio Sedlare. Higijenska ispravnost vode je naru\u0161ena tako da je bilo neophodno re\u0161iti pitanje vodosnabdevanja ovog sela.<br \/>\n<a href=\"https:\/\/centralmedia.rs\/wp-content\/uploads\/2015\/12\/vodosnabdevanje-2-svilajnac-g.j..jpg\"><img loading=\"lazy\" decoding=\"async\" src=\"https:\/\/centralmedia.rs\/wp-content\/uploads\/2015\/12\/vodosnabdevanje-2-svilajnac-g.j.-300x200.jpg\" alt=\"vodosnabdevanje 2-svilajnac-g.j.\" width=\"300\" height=\"200\" class=\"alignnone size-medium wp-image-1395\" srcset=\"https:\/\/centralmedia.rs\/wp-content\/uploads\/2015\/12\/vodosnabdevanje-2-svilajnac-g.j.-300x200.jpg 300w, https:\/\/centralmedia.rs\/wp-content\/uploads\/2015\/12\/vodosnabdevanje-2-svilajnac-g.j.-1024x683.jpg 1024w, https:\/\/centralmedia.rs\/wp-content\/uploads\/2015\/12\/vodosnabdevanje-2-svilajnac-g.j..jpg 2048w\" sizes=\"(max-width: 300px) 100vw, 300px\" \/><\/a><br \/>\nNaoki Nihej ka\u017ee da se, iako je on u ime Ujedninjenih Nacija prvi put u Svilajncu, ose\u0107a kao prijatelj Svilajn\u010dana.<\/p>\n<p>-Vlada Japana \u0107e nastaviti da pru\u017ea podr\u0161ku Svilajncu i Srbiji u raznim oblastima. Ovde smo danas da nastavimo da poma\u017eemo sanaciju posledica pro\u0161logodi\u0161njih poplava i zadovoljan sam kako se radovi razvijaju i kojom dinamikom se ovaj na\u0161 program u Svilajncu realizuje, isti\u010de Nihej.<\/p>\n<p>Delegacija ambasade Japana poseti\u0107e Svilajnac i u utorak 8. decembra, kada \u0107e zvani\u010dno uru\u010diti donaciju Domu zdravlja Svilajnac \u2013 rendgen i ultrazvuk.<\/p>\n","protected":false},"excerpt":{"rendered":"<p>SVILAJNAC-Predsednik op\u0161tine Svilajnac Predrag Milanovi\u0107 izjavio je da je toj op\u0161tini iz programa UNDP za sanaciju sistema vodosnabdevanja namenjeno 300 hiljada evra od 3,2 miliona &hellip; <\/p>\n","protected":false},"author":4,"featured_media":1394,"comment_status":"open","ping_status":"open","sticky":false,"template":"","format":"standard","meta":{"footnotes":""},"categories":[2,13,12],"tags":[38,301],"_links":{"self":[{"href":"https:\/\/centralmedia.rs\/index.php\/wp-json\/wp\/v2\/posts\/1393"}],"collection":[{"href":"https:\/\/centralmedia.rs\/index.php\/wp-json\/wp\/v2\/posts"}],"about":[{"href":"https:\/\/centralmedia.rs\/index.php\/wp-json\/wp\/v2\/types\/post"}],"author":[{"embeddable":true,"href":"https:\/\/centralmedia.rs\/index.php\/wp-json\/wp\/v2\/users\/4"}],"replies":[{"embeddable":true,"href":"https:\/\/centralmedia.rs\/index.php\/wp-json\/wp\/v2\/comments?post=1393"}],"version-history":[{"count":0,"href":"https:\/\/centralmedia.rs\/index.php\/wp-json\/wp\/v2\/posts\/1393\/revisions"}],"wp:featuredmedia":[{"embeddable":true,"href":"https:\/\/centralmedia.rs\/index.php\/wp-json\/wp\/v2\/media\/1394"}],"wp:attachment":[{"href":"https:\/\/centralmedia.rs\/index.php\/wp-json\/wp\/v2\/media?parent=1393"}],"wp:term":[{"taxonomy":"category","embeddable":true,"href":"https:\/\/centralmedia.rs\/index.php\/wp-json\/wp\/v2\/categories?post=1393"},{"taxonomy":"post_tag","embeddable":true,"href":"https:\/\/centralmedia.rs\/index.php\/wp-json\/wp\/v2\/tags?post=1393"}],"curies":[{"name":"wp","href":"https:\/\/api.w.org\/{rel}","templated":true}]}}