{"id":14004,"date":"2018-09-23T12:41:19","date_gmt":"2018-09-23T12:41:19","guid":{"rendered":"http:\/\/centralmedia.rs\/?p=14004"},"modified":"2018-09-26T20:01:33","modified_gmt":"2018-09-26T20:01:33","slug":"dan-bez-automobila-2018-4-svilajnacka-biciklijada","status":"publish","type":"post","link":"https:\/\/centralmedia.rs\/index.php\/2018\/09\/23\/dan-bez-automobila-2018-4-svilajnacka-biciklijada\/","title":{"rendered":"DAN BEZ AUTOMOBILA 2018. &#8211; 4. SVILAJNA\u010cKA BICIKLIJADA"},"content":{"rendered":"<p>SVILAJNAC- Na 4. Biciklijadi u Svilajncu oko 500 gra\u0111ana u\u010destvovalo je danas u \u00a07 kilometara dugoj vo\u017enji bicikala gradskim ulicama u okviru obele\u017eavanja Evropske nedelje mobilnosti. I deca i mladi i penzioneri na biciklama, rolerima, trotinetima, hoverbordovima podr\u017eali su ovu akciju koja se u Svilajncu odr\u017eava ve\u0107 \u010detvrtu godinu za redom.<\/p>\n<div id='gallery-1' class='gallery galleryid-14004 gallery-columns-7 gallery-size-thumbnail'><figure class='gallery-item'>\n\t\t\t<div class='gallery-icon landscape'>\n\t\t\t\t<a href='https:\/\/centralmedia.rs\/index.php\/2018\/09\/23\/dan-bez-automobila-2018-4-svilajnacka-biciklijada\/b5\/'><img loading=\"lazy\" decoding=\"async\" width=\"150\" height=\"150\" src=\"https:\/\/centralmedia.rs\/wp-content\/uploads\/2018\/09\/b5-150x150.jpg\" class=\"attachment-thumbnail size-thumbnail\" alt=\"\" \/><\/a>\n\t\t\t<\/div><\/figure><figure class='gallery-item'>\n\t\t\t<div class='gallery-icon landscape'>\n\t\t\t\t<a href='https:\/\/centralmedia.rs\/index.php\/2018\/09\/23\/dan-bez-automobila-2018-4-svilajnacka-biciklijada\/b7\/'><img loading=\"lazy\" decoding=\"async\" width=\"150\" height=\"150\" src=\"https:\/\/centralmedia.rs\/wp-content\/uploads\/2018\/09\/b7-150x150.jpg\" class=\"attachment-thumbnail size-thumbnail\" alt=\"\" \/><\/a>\n\t\t\t<\/div><\/figure><figure class='gallery-item'>\n\t\t\t<div class='gallery-icon landscape'>\n\t\t\t\t<a href='https:\/\/centralmedia.rs\/index.php\/2018\/09\/23\/dan-bez-automobila-2018-4-svilajnacka-biciklijada\/b6\/'><img loading=\"lazy\" decoding=\"async\" width=\"150\" height=\"150\" src=\"https:\/\/centralmedia.rs\/wp-content\/uploads\/2018\/09\/b6-150x150.jpg\" class=\"attachment-thumbnail size-thumbnail\" alt=\"\" \/><\/a>\n\t\t\t<\/div><\/figure><figure class='gallery-item'>\n\t\t\t<div class='gallery-icon landscape'>\n\t\t\t\t<a href='https:\/\/centralmedia.rs\/index.php\/2018\/09\/23\/dan-bez-automobila-2018-4-svilajnacka-biciklijada\/b4\/'><img loading=\"lazy\" decoding=\"async\" width=\"150\" height=\"150\" src=\"https:\/\/centralmedia.rs\/wp-content\/uploads\/2018\/09\/b4-150x150.jpg\" class=\"attachment-thumbnail size-thumbnail\" alt=\"\" \/><\/a>\n\t\t\t<\/div><\/figure><figure class='gallery-item'>\n\t\t\t<div class='gallery-icon landscape'>\n\t\t\t\t<a href='https:\/\/centralmedia.rs\/index.php\/2018\/09\/23\/dan-bez-automobila-2018-4-svilajnacka-biciklijada\/b3\/'><img loading=\"lazy\" decoding=\"async\" width=\"150\" height=\"150\" src=\"https:\/\/centralmedia.rs\/wp-content\/uploads\/2018\/09\/b3-150x150.jpg\" class=\"attachment-thumbnail size-thumbnail\" alt=\"\" \/><\/a>\n\t\t\t<\/div><\/figure><figure class='gallery-item'>\n\t\t\t<div class='gallery-icon landscape'>\n\t\t\t\t<a href='https:\/\/centralmedia.rs\/index.php\/2018\/09\/23\/dan-bez-automobila-2018-4-svilajnacka-biciklijada\/b2\/'><img loading=\"lazy\" decoding=\"async\" width=\"150\" height=\"150\" src=\"https:\/\/centralmedia.rs\/wp-content\/uploads\/2018\/09\/b2-150x150.jpg\" class=\"attachment-thumbnail size-thumbnail\" alt=\"\" \/><\/a>\n\t\t\t<\/div><\/figure><figure class='gallery-item'>\n\t\t\t<div class='gallery-icon landscape'>\n\t\t\t\t<a href='https:\/\/centralmedia.rs\/index.php\/2018\/09\/23\/dan-bez-automobila-2018-4-svilajnacka-biciklijada\/b1\/'><img loading=\"lazy\" decoding=\"async\" width=\"150\" height=\"150\" src=\"https:\/\/centralmedia.rs\/wp-content\/uploads\/2018\/09\/b1-150x150.jpg\" class=\"attachment-thumbnail size-thumbnail\" alt=\"\" \/><\/a>\n\t\t\t<\/div><\/figure>\n\t\t<\/div>\n\n<p>-Na ovaj na\u010din podr\u017eavamo Evropsku nedelju mobilnosti i kori\u0161\u0107enje alternativnih na\u010dina prevoza koji ne zaga\u0111uju \u017eivotnu sredinu. Svojim primerom pokazujemo da je prevoz biciklama, rolerima, pa i pe\u0161a\u010denje mnogo zdravije i po nas i po na\u0161u okolinu. Svilajnac je kao grad vrlo pogodan za vo\u017enju bicikala, brzo se svuda sti\u017ee i ravno je, a i ula\u017eemo i ulaga\u0107emo u izgradnju biciklisti\u010dkih staza, kako bismo ovaj vid prevoza popularizovali i u\u010dinili bezbednijim, izjavila je Dragana Radevi\u0107, zamenik predsednika op\u0161tine Svilajnac i na bicikli predvodila kolonu voza\u010da.<br \/>\nIna\u010de, u okviru Evropske nedelje mobilnosti odr\u017eano je niz aktivnosti koje su slu\u017eile da podignu svest dece i ljudi o zna\u010daju o\u010duvanja \u017eivotne sredine.<br \/>\n-Za \u0111ake prvake organizovali smo gledanje edukativnog animiranog filma o pravilima pona\u0161anja i bezbednosti u saobra\u0107aju, podelili smo im knjige \u201ePa\u017eljivkova pravila u saobra\u0107aju\u201c, omogu\u0107ili besplatne mini servise bicikala, apelovali i motivisali da \u0161to vi\u0161e koriste alternativna prevozna sredstva koja ne zaga\u0111uju okolinu, kazala je Marina Milutinovi\u0107, organizator aktivnosti.<\/p>\n<p>U organizaciji su u\u010destvovali Sportski savez op\u0161tine Svilajnac, Volonterska orgnizacija Svilajnac, Crveni krst Svilajnac, Biciklisti\u010dki klub \u201e\u010ciroki\u201c iz Svilajnca, a pokrovitelj je op\u0161tina Svilajnac. Ina\u010de, Evrospka nedelja mobilnosti odr\u017eana je \u0161irom Srbije i Evrope u vi\u0161e od 2.500 gradova.<\/p>\n","protected":false},"excerpt":{"rendered":"<p>SVILAJNAC- Na 4. Biciklijadi u Svilajncu oko 500 gra\u0111ana u\u010destvovalo je danas u \u00a07 kilometara dugoj vo\u017enji bicikala gradskim ulicama u okviru obele\u017eavanja Evropske nedelje &hellip; <\/p>\n","protected":false},"author":2,"featured_media":14005,"comment_status":"open","ping_status":"open","sticky":false,"template":"","format":"standard","meta":{"footnotes":""},"categories":[1524,3052,2,887,1517],"tags":[2002,1263,38],"_links":{"self":[{"href":"https:\/\/centralmedia.rs\/index.php\/wp-json\/wp\/v2\/posts\/14004"}],"collection":[{"href":"https:\/\/centralmedia.rs\/index.php\/wp-json\/wp\/v2\/posts"}],"about":[{"href":"https:\/\/centralmedia.rs\/index.php\/wp-json\/wp\/v2\/types\/post"}],"author":[{"embeddable":true,"href":"https:\/\/centralmedia.rs\/index.php\/wp-json\/wp\/v2\/users\/2"}],"replies":[{"embeddable":true,"href":"https:\/\/centralmedia.rs\/index.php\/wp-json\/wp\/v2\/comments?post=14004"}],"version-history":[{"count":1,"href":"https:\/\/centralmedia.rs\/index.php\/wp-json\/wp\/v2\/posts\/14004\/revisions"}],"predecessor-version":[{"id":14013,"href":"https:\/\/centralmedia.rs\/index.php\/wp-json\/wp\/v2\/posts\/14004\/revisions\/14013"}],"wp:featuredmedia":[{"embeddable":true,"href":"https:\/\/centralmedia.rs\/index.php\/wp-json\/wp\/v2\/media\/14005"}],"wp:attachment":[{"href":"https:\/\/centralmedia.rs\/index.php\/wp-json\/wp\/v2\/media?parent=14004"}],"wp:term":[{"taxonomy":"category","embeddable":true,"href":"https:\/\/centralmedia.rs\/index.php\/wp-json\/wp\/v2\/categories?post=14004"},{"taxonomy":"post_tag","embeddable":true,"href":"https:\/\/centralmedia.rs\/index.php\/wp-json\/wp\/v2\/tags?post=14004"}],"curies":[{"name":"wp","href":"https:\/\/api.w.org\/{rel}","templated":true}]}}