{"id":14015,"date":"2018-09-23T15:25:59","date_gmt":"2018-09-23T15:25:59","guid":{"rendered":"http:\/\/centralmedia.rs\/?p=14015"},"modified":"2018-09-26T20:01:13","modified_gmt":"2018-09-26T20:01:13","slug":"jagodina-uhapsen-petnaestogodisnjak-osumnjicen-da-je-izbo-mladica","status":"publish","type":"post","link":"https:\/\/centralmedia.rs\/index.php\/2018\/09\/23\/jagodina-uhapsen-petnaestogodisnjak-osumnjicen-da-je-izbo-mladica\/","title":{"rendered":"Jagodina, uhap\u0161en petnaestogodi\u0161njak osumnji\u010den da je izbo mladi\u0107a"},"content":{"rendered":"<p>Jagodinska policija uhapsila je petnaestogodi\u0161njeg de\u010daka iz Para\u0107ina osumnji\u010denog da je u tu\u010di vi\u0161e osoba o\u0161trim predmetom zadao dve ubodne rane mladi\u0107u iz Jagodine, koji je sa te\u0161kim povredama zbrinut u Op\u0161toj bolnici u Jagodini.<\/p>\n<p>U saop\u0161tenju Policijske uprave u Jagodini navodi se da je de\u010dak iz Para\u0107ina uhap\u0161en zbog postojanja osnova sumnje da je izvr\u0161io krivi\u010dno delo ubistvo u poku\u0161aju.<\/p>\n<p>Sumnja se, naime, da je on sino\u0107 na \u017delezni\u010dkoj stanici u Jagodini, u tu\u010di u kojoj je u\u010destvovalo vi\u0161e\u00a0osoba, o\u0161trim predmetom zadao dve ubodne rane mladi\u0107u od 17 godina iz Jagodine.<\/p>\n<p>Petnaestogodi\u0161njak je uz krivi\u010dnu prijavu sproveden Vi\u0161em javnom tu\u017eila\u0161tvu u Jagodini, a sudija\u00a0za maloletnike mu je odredio pritvor do 30 dana.<\/p>\n<p>Policija je brzom i efikasnom akcijom identifikovala sve u\u010desnike tu\u010de, pa \u0107e po nalogu nadle\u017enog\u00a0tu\u017eioca, protiv pet maloletnika od 14 do 17 godina i osmanaestogodi\u0161njeg mladi\u0107a, koji je sino\u0107 lak\u0161e\u00a0povre\u0111en, biti podneta krivi\u010dna prijava zbog postojanja osnova sumnje da su po\u010dinili krivi\u010dno delo nasilno\u00a0pona\u0161anje, navodi se u saop\u0161tenju.<\/p>\n","protected":false},"excerpt":{"rendered":"<p>Jagodinska policija uhapsila je petnaestogodi\u0161njeg de\u010daka iz Para\u0107ina osumnji\u010denog da je u tu\u010di vi\u0161e osoba o\u0161trim predmetom zadao dve ubodne rane mladi\u0107u iz Jagodine, koji &hellip; <\/p>\n","protected":false},"author":2,"featured_media":14016,"comment_status":"open","ping_status":"open","sticky":false,"template":"","format":"standard","meta":{"footnotes":""},"categories":[1524,20,2,1514,12],"tags":[3127,58],"_links":{"self":[{"href":"https:\/\/centralmedia.rs\/index.php\/wp-json\/wp\/v2\/posts\/14015"}],"collection":[{"href":"https:\/\/centralmedia.rs\/index.php\/wp-json\/wp\/v2\/posts"}],"about":[{"href":"https:\/\/centralmedia.rs\/index.php\/wp-json\/wp\/v2\/types\/post"}],"author":[{"embeddable":true,"href":"https:\/\/centralmedia.rs\/index.php\/wp-json\/wp\/v2\/users\/2"}],"replies":[{"embeddable":true,"href":"https:\/\/centralmedia.rs\/index.php\/wp-json\/wp\/v2\/comments?post=14015"}],"version-history":[{"count":1,"href":"https:\/\/centralmedia.rs\/index.php\/wp-json\/wp\/v2\/posts\/14015\/revisions"}],"predecessor-version":[{"id":14017,"href":"https:\/\/centralmedia.rs\/index.php\/wp-json\/wp\/v2\/posts\/14015\/revisions\/14017"}],"wp:featuredmedia":[{"embeddable":true,"href":"https:\/\/centralmedia.rs\/index.php\/wp-json\/wp\/v2\/media\/14016"}],"wp:attachment":[{"href":"https:\/\/centralmedia.rs\/index.php\/wp-json\/wp\/v2\/media?parent=14015"}],"wp:term":[{"taxonomy":"category","embeddable":true,"href":"https:\/\/centralmedia.rs\/index.php\/wp-json\/wp\/v2\/categories?post=14015"},{"taxonomy":"post_tag","embeddable":true,"href":"https:\/\/centralmedia.rs\/index.php\/wp-json\/wp\/v2\/tags?post=14015"}],"curies":[{"name":"wp","href":"https:\/\/api.w.org\/{rel}","templated":true}]}}