{"id":14031,"date":"2018-09-24T12:18:25","date_gmt":"2018-09-24T12:18:25","guid":{"rendered":"http:\/\/centralmedia.rs\/?p=14031"},"modified":"2018-09-26T20:02:46","modified_gmt":"2018-09-26T20:02:46","slug":"izadi-mi-na-teglu-u-cupriji","status":"publish","type":"post","link":"https:\/\/centralmedia.rs\/index.php\/2018\/09\/24\/izadi-mi-na-teglu-u-cupriji\/","title":{"rendered":"IZA\u0110I MI NA TEGLU U \u0106UPRIJI"},"content":{"rendered":"<p>\u0106UPRIJA- Takmi\u010denje u spremanju ajavara ,,Iza\u0111i mi na teglu&#8221; u petak od 11 sati u Moravskom parku u \u0106upriji. Najve\u0107i gastronomski karavan na Balkanu i ove godine gostuje u \u0106upriji. Takmi\u010denje u spremanju ajvara, razmena kulinarskih iskustava i izbor najboljeg \u0107uprijskog ajvara. Za zabavu je zadu\u017een animatorski kreativni tim.<\/p>\n","protected":false},"excerpt":{"rendered":"<p>\u0106UPRIJA- Takmi\u010denje u spremanju ajavara ,,Iza\u0111i mi na teglu&#8221; u petak od 11 sati u Moravskom parku u \u0106upriji. Najve\u0107i gastronomski karavan na Balkanu i &hellip; <\/p>\n","protected":false},"author":2,"featured_media":14034,"comment_status":"open","ping_status":"open","sticky":false,"template":"","format":"standard","meta":{"footnotes":""},"categories":[1515,1524,2,23,887,3054],"tags":[3131,44],"_links":{"self":[{"href":"https:\/\/centralmedia.rs\/index.php\/wp-json\/wp\/v2\/posts\/14031"}],"collection":[{"href":"https:\/\/centralmedia.rs\/index.php\/wp-json\/wp\/v2\/posts"}],"about":[{"href":"https:\/\/centralmedia.rs\/index.php\/wp-json\/wp\/v2\/types\/post"}],"author":[{"embeddable":true,"href":"https:\/\/centralmedia.rs\/index.php\/wp-json\/wp\/v2\/users\/2"}],"replies":[{"embeddable":true,"href":"https:\/\/centralmedia.rs\/index.php\/wp-json\/wp\/v2\/comments?post=14031"}],"version-history":[{"count":1,"href":"https:\/\/centralmedia.rs\/index.php\/wp-json\/wp\/v2\/posts\/14031\/revisions"}],"predecessor-version":[{"id":14033,"href":"https:\/\/centralmedia.rs\/index.php\/wp-json\/wp\/v2\/posts\/14031\/revisions\/14033"}],"wp:featuredmedia":[{"embeddable":true,"href":"https:\/\/centralmedia.rs\/index.php\/wp-json\/wp\/v2\/media\/14034"}],"wp:attachment":[{"href":"https:\/\/centralmedia.rs\/index.php\/wp-json\/wp\/v2\/media?parent=14031"}],"wp:term":[{"taxonomy":"category","embeddable":true,"href":"https:\/\/centralmedia.rs\/index.php\/wp-json\/wp\/v2\/categories?post=14031"},{"taxonomy":"post_tag","embeddable":true,"href":"https:\/\/centralmedia.rs\/index.php\/wp-json\/wp\/v2\/tags?post=14031"}],"curies":[{"name":"wp","href":"https:\/\/api.w.org\/{rel}","templated":true}]}}