{"id":14035,"date":"2018-09-24T12:25:41","date_gmt":"2018-09-24T12:25:41","guid":{"rendered":"http:\/\/centralmedia.rs\/?p=14035"},"modified":"2018-09-26T20:02:58","modified_gmt":"2018-09-26T20:02:58","slug":"keba-peva-u-cupriji","status":"publish","type":"post","link":"https:\/\/centralmedia.rs\/index.php\/2018\/09\/24\/keba-peva-u-cupriji\/","title":{"rendered":"KEBA PEVA U \u0106UPRIJI"},"content":{"rendered":"<p>Koncert Dragana Koji\u0107e Kebe bi\u0107e odr\u017ean u petak od 21 u centru \u0106uprije. Zbog nevremena Keba je morao da prekine koncert za Crevarijadu u avgustu, ali je ponovo se vratio.<\/p>\n","protected":false},"excerpt":{"rendered":"<p>Koncert Dragana Koji\u0107e Kebe bi\u0107e odr\u017ean u petak od 21 u centru \u0106uprije. Zbog nevremena Keba je morao da prekine koncert za Crevarijadu u avgustu, &hellip; <\/p>\n","protected":false},"author":2,"featured_media":14036,"comment_status":"open","ping_status":"open","sticky":false,"template":"","format":"standard","meta":{"footnotes":""},"categories":[1515,1524,2,23,887,3055],"tags":[44,3132],"_links":{"self":[{"href":"https:\/\/centralmedia.rs\/index.php\/wp-json\/wp\/v2\/posts\/14035"}],"collection":[{"href":"https:\/\/centralmedia.rs\/index.php\/wp-json\/wp\/v2\/posts"}],"about":[{"href":"https:\/\/centralmedia.rs\/index.php\/wp-json\/wp\/v2\/types\/post"}],"author":[{"embeddable":true,"href":"https:\/\/centralmedia.rs\/index.php\/wp-json\/wp\/v2\/users\/2"}],"replies":[{"embeddable":true,"href":"https:\/\/centralmedia.rs\/index.php\/wp-json\/wp\/v2\/comments?post=14035"}],"version-history":[{"count":1,"href":"https:\/\/centralmedia.rs\/index.php\/wp-json\/wp\/v2\/posts\/14035\/revisions"}],"predecessor-version":[{"id":14037,"href":"https:\/\/centralmedia.rs\/index.php\/wp-json\/wp\/v2\/posts\/14035\/revisions\/14037"}],"wp:featuredmedia":[{"embeddable":true,"href":"https:\/\/centralmedia.rs\/index.php\/wp-json\/wp\/v2\/media\/14036"}],"wp:attachment":[{"href":"https:\/\/centralmedia.rs\/index.php\/wp-json\/wp\/v2\/media?parent=14035"}],"wp:term":[{"taxonomy":"category","embeddable":true,"href":"https:\/\/centralmedia.rs\/index.php\/wp-json\/wp\/v2\/categories?post=14035"},{"taxonomy":"post_tag","embeddable":true,"href":"https:\/\/centralmedia.rs\/index.php\/wp-json\/wp\/v2\/tags?post=14035"}],"curies":[{"name":"wp","href":"https:\/\/api.w.org\/{rel}","templated":true}]}}