{"id":14041,"date":"2018-09-24T21:44:09","date_gmt":"2018-09-24T21:44:09","guid":{"rendered":"http:\/\/centralmedia.rs\/?p=14041"},"modified":"2018-10-02T21:44:33","modified_gmt":"2018-10-02T21:44:33","slug":"malom-bogdanu-urucen-ugovor-sinu-olivera-ivanovica-stipendija-hilandara-do-punoletstva","status":"publish","type":"post","link":"https:\/\/centralmedia.rs\/index.php\/2018\/09\/24\/malom-bogdanu-urucen-ugovor-sinu-olivera-ivanovica-stipendija-hilandara-do-punoletstva\/","title":{"rendered":"MALOM BOGDANU URU\u010cEN UGOVOR &#8211; Sinu Olivera Ivanovi\u0107a stipendija Hilandara do punoletstva"},"content":{"rendered":"<p>BEOGRAD \u2013 Iguman manastira Hilandar otac Metodije uru\u010dio je u Beogradu malenom Bogdanu Ivanovi\u0107u, sinu tragi\u010dno ubijenog lidera GI SDP Olivera Ivanovi\u0107a, ugovor o stipendiranju.\u00a0Njime\u00a0je predvi\u0111eno da svakog septembra, do navr\u0161enih 18 godina, dobija godi\u0161nju stipendiju iz fonda ove duhovne svetinje.<\/p>\n<div id='gallery-1' class='gallery galleryid-14041 gallery-columns-5 gallery-size-thumbnail'><figure class='gallery-item'>\n\t\t\t<div class='gallery-icon portrait'>\n\t\t\t\t<a href='https:\/\/centralmedia.rs\/index.php\/2018\/09\/24\/malom-bogdanu-urucen-ugovor-sinu-olivera-ivanovica-stipendija-hilandara-do-punoletstva\/b-2\/'><img loading=\"lazy\" decoding=\"async\" width=\"150\" height=\"150\" src=\"https:\/\/centralmedia.rs\/wp-content\/uploads\/2018\/09\/b-1-150x150.jpg\" class=\"attachment-thumbnail size-thumbnail\" alt=\"\" \/><\/a>\n\t\t\t<\/div><\/figure><figure class='gallery-item'>\n\t\t\t<div class='gallery-icon portrait'>\n\t\t\t\t<a href='https:\/\/centralmedia.rs\/index.php\/2018\/09\/24\/malom-bogdanu-urucen-ugovor-sinu-olivera-ivanovica-stipendija-hilandara-do-punoletstva\/b1-2\/'><img loading=\"lazy\" decoding=\"async\" width=\"150\" height=\"150\" src=\"https:\/\/centralmedia.rs\/wp-content\/uploads\/2018\/09\/b1-1-150x150.jpg\" class=\"attachment-thumbnail size-thumbnail\" alt=\"\" \/><\/a>\n\t\t\t<\/div><\/figure><figure class='gallery-item'>\n\t\t\t<div class='gallery-icon landscape'>\n\t\t\t\t<a href='https:\/\/centralmedia.rs\/index.php\/2018\/09\/24\/malom-bogdanu-urucen-ugovor-sinu-olivera-ivanovica-stipendija-hilandara-do-punoletstva\/b2-2\/'><img loading=\"lazy\" decoding=\"async\" width=\"150\" height=\"150\" src=\"https:\/\/centralmedia.rs\/wp-content\/uploads\/2018\/09\/b2-1-150x150.jpg\" class=\"attachment-thumbnail size-thumbnail\" alt=\"\" \/><\/a>\n\t\t\t<\/div><\/figure><figure class='gallery-item'>\n\t\t\t<div class='gallery-icon portrait'>\n\t\t\t\t<a href='https:\/\/centralmedia.rs\/index.php\/2018\/09\/24\/malom-bogdanu-urucen-ugovor-sinu-olivera-ivanovica-stipendija-hilandara-do-punoletstva\/b3-2\/'><img loading=\"lazy\" decoding=\"async\" width=\"150\" height=\"150\" src=\"https:\/\/centralmedia.rs\/wp-content\/uploads\/2018\/09\/b3-1-150x150.jpg\" class=\"attachment-thumbnail size-thumbnail\" alt=\"\" \/><\/a>\n\t\t\t<\/div><\/figure><figure class='gallery-item'>\n\t\t\t<div class='gallery-icon landscape'>\n\t\t\t\t<a href='https:\/\/centralmedia.rs\/index.php\/2018\/09\/24\/malom-bogdanu-urucen-ugovor-sinu-olivera-ivanovica-stipendija-hilandara-do-punoletstva\/bogdan-2\/'><img loading=\"lazy\" decoding=\"async\" width=\"150\" height=\"150\" src=\"https:\/\/centralmedia.rs\/wp-content\/uploads\/2018\/09\/bogdan-1-150x150.jpg\" class=\"attachment-thumbnail size-thumbnail\" alt=\"\" \/><\/a>\n\t\t\t<\/div><\/figure>\n\t\t<\/div>\n\n<p>Bogdan je u prisustvu majke Milene bio gost igumana Hilandara i, kako su rekli za \u201eNovosti\u201c, veoma su zadovoljni \u0161to jedan od najva\u017enijih centara pravoslavlja na svetu prepoznao potrebu da im pomogne posle gubitka stuba svoje porodice.<\/p>\n<p>&#8211; Velika je \u010dast i radost za Bogdana \u0161to je danas imao priliku da se sretne, upozna i razgovara sa igumanom manastira Hilandar. Biti stipendista najve\u0107eg srpskog duhovnog centra ima posebni zna\u010daj i sigurna sam da \u0107e to Bogdanu mnogo zna\u010diti u budu\u0107nosti \u2013 rekla je Milena Ivanovi\u0107.<\/p>\n<p>Poverenik manastira Hilandar za humanitarna pitanja Milo\u0161 Stojkovi\u0107 istakao je\u00a0nedavno za \u201cNovosti\u201d\u00a0da je Oliver Ivanovi\u0107 bio prijatelj svih svetinja na Kosovu i Metohiji, da ih je nesebi\u010dno pomagao i da zbog toga niko nema pravo da zaboravi to njegovo zalaganje. On je naglasio da je ova skromna stipendija koju su dodelili Bogdanu i njihova poruka \u201eda porodica Ivanovi\u0107, koja je ubistvom Olivera pretrpela nemerljiv gubitak, nije zaboravljena\u201c.<\/p>\n<p>Maleni Bogdan \u0107e, kako je ranije i planirano, prvi slobodan raspust iskoristiti da poseti manastir Hilandar i bude gost igumana Metodija.<\/p>\n","protected":false},"excerpt":{"rendered":"<p>BEOGRAD \u2013 Iguman manastira Hilandar otac Metodije uru\u010dio je u Beogradu malenom Bogdanu Ivanovi\u0107u, sinu tragi\u010dno ubijenog lidera GI SDP Olivera Ivanovi\u0107a, ugovor o stipendiranju.\u00a0Njime\u00a0je &hellip; <\/p>\n","protected":false},"author":2,"featured_media":14042,"comment_status":"open","ping_status":"open","sticky":false,"template":"","format":"standard","meta":{"footnotes":""},"categories":[14,2,12],"tags":[3135,150,3134],"_links":{"self":[{"href":"https:\/\/centralmedia.rs\/index.php\/wp-json\/wp\/v2\/posts\/14041"}],"collection":[{"href":"https:\/\/centralmedia.rs\/index.php\/wp-json\/wp\/v2\/posts"}],"about":[{"href":"https:\/\/centralmedia.rs\/index.php\/wp-json\/wp\/v2\/types\/post"}],"author":[{"embeddable":true,"href":"https:\/\/centralmedia.rs\/index.php\/wp-json\/wp\/v2\/users\/2"}],"replies":[{"embeddable":true,"href":"https:\/\/centralmedia.rs\/index.php\/wp-json\/wp\/v2\/comments?post=14041"}],"version-history":[{"count":1,"href":"https:\/\/centralmedia.rs\/index.php\/wp-json\/wp\/v2\/posts\/14041\/revisions"}],"predecessor-version":[{"id":14048,"href":"https:\/\/centralmedia.rs\/index.php\/wp-json\/wp\/v2\/posts\/14041\/revisions\/14048"}],"wp:featuredmedia":[{"embeddable":true,"href":"https:\/\/centralmedia.rs\/index.php\/wp-json\/wp\/v2\/media\/14042"}],"wp:attachment":[{"href":"https:\/\/centralmedia.rs\/index.php\/wp-json\/wp\/v2\/media?parent=14041"}],"wp:term":[{"taxonomy":"category","embeddable":true,"href":"https:\/\/centralmedia.rs\/index.php\/wp-json\/wp\/v2\/categories?post=14041"},{"taxonomy":"post_tag","embeddable":true,"href":"https:\/\/centralmedia.rs\/index.php\/wp-json\/wp\/v2\/tags?post=14041"}],"curies":[{"name":"wp","href":"https:\/\/api.w.org\/{rel}","templated":true}]}}