{"id":14054,"date":"2018-09-25T06:03:42","date_gmt":"2018-09-25T06:03:42","guid":{"rendered":"http:\/\/centralmedia.rs\/?p=14054"},"modified":"2018-09-26T20:03:49","modified_gmt":"2018-09-26T20:03:49","slug":"11-sljivovacki-sajam-domace-rakije-rakijada-2018","status":"publish","type":"post","link":"https:\/\/centralmedia.rs\/index.php\/2018\/09\/25\/11-sljivovacki-sajam-domace-rakije-rakijada-2018\/","title":{"rendered":"11. \u0160LjIVOVA\u010cKI SAJAM DOMA\u0106E RAKIJE &#8220;RAKIJADA 2018.&#8221;"},"content":{"rendered":"<p>Op\u0161tina \u010cajetina, Sportski centar \u010cajetina, Turisti\u010dka organizacija Zlatibor, Zlatiborski Eko Agrar i Mesna zajednica \u0160ljivovica organizuju 29. i 30. septembra 2018. godine 11. \u0161ljivova\u010dki sajam doma\u0107e rakije.<br \/>\nProgram:<br \/>\nSubota 29. septembar\u00a0 od 10.00-18.00 \u010dasova<br \/>\n\u2013 Degustacija najboljih rakija 10. \u0161ljivova\u010dkog sajma doma\u0107e rakije, Kraljev trg na Zlatiboru<br \/>\nNedelja 30. septembar od 11 \u010dasova<br \/>\n\u2013 zagrevanje uz doma\u0107u rakiju<br \/>\n13 \u010dasova<br \/>\nOtvaranje sajma<br \/>\n\u2013 Potpaljivanje kazana za pe\u010denje rakije uz \u0161ljivova\u010dku zdravicu i umetni\u010dki program<br \/>\n\u2013 Otvaranje izlo\u017ebe zdrave hrane, proizvoda seoskih majstora i rukotvorina seoskih doma\u0107ica<br \/>\n14 \u010dasova<br \/>\n\u2013 Takmi\u010denje zlatiborskih zdravi\u010dara i \u010dau\u0161a u govornim ve\u0161tinama<br \/>\n\u2013 Degustacija i ocenjivanje najbolje pite savija\u010de<br \/>\n\u2013 Izlo\u017eba vo\u0107nih proizvoda (slatko, pekmez, suve \u0161ljive, su\u0161eni proizvodi od vo\u0107a)<br \/>\n14.45 \u010dasova<br \/>\n\u2013 Nastup peva\u010dkih grupa, kulturno umetni\u010dkog dru\u0161tva, truba\u010dki orkerstar, frula\u0161<br \/>\n17 \u010dasova<br \/>\n\u2013 Progla\u0161enje najboljih rakija Jedanaestog \u0161ljivova\u010dkog sajma doma\u0107e rakije, dodela nagrada i degustacija<br \/>\n\u2013 Izbor i progla\u0161enje najlep\u0161eg dvori\u0161ta i najure\u0111enijeg vo\u0107njaka, najlep\u0161e seoske narodne no\u0161nje i najlep\u0161e \u010dobanice, najbolje pite savija\u010de, najbolje rakije po oceni publike, najboljeg zdravi\u010dara i \u010dau\u0161a<br \/>\n18 \u010dasova<br \/>\n\u2013 Koncert izvo\u0111a\u010da narodne muzike: Novica Negovanovi\u0107, Dragan Panti\u0107 Smederevac, Slobodan Mulina, Stevo Damljanovi\u0107, Ranko Stojani\u0107 \u0160oro i Milorad Andri\u0107 uz pratnju orekstra Sretena Tijani\u0107a Sid\u017einca<\/p>\n<p>&nbsp;<\/p>\n","protected":false},"excerpt":{"rendered":"<p>Op\u0161tina \u010cajetina, Sportski centar \u010cajetina, Turisti\u010dka organizacija Zlatibor, Zlatiborski Eko Agrar i Mesna zajednica \u0160ljivovica organizuju 29. i 30. septembra 2018. godine 11. \u0161ljivova\u010dki sajam &hellip; <\/p>\n","protected":false},"author":2,"featured_media":14055,"comment_status":"open","ping_status":"open","sticky":false,"template":"","format":"standard","meta":{"footnotes":""},"categories":[2875,1524,2,23,887,3054],"tags":[2762,3137,3136],"_links":{"self":[{"href":"https:\/\/centralmedia.rs\/index.php\/wp-json\/wp\/v2\/posts\/14054"}],"collection":[{"href":"https:\/\/centralmedia.rs\/index.php\/wp-json\/wp\/v2\/posts"}],"about":[{"href":"https:\/\/centralmedia.rs\/index.php\/wp-json\/wp\/v2\/types\/post"}],"author":[{"embeddable":true,"href":"https:\/\/centralmedia.rs\/index.php\/wp-json\/wp\/v2\/users\/2"}],"replies":[{"embeddable":true,"href":"https:\/\/centralmedia.rs\/index.php\/wp-json\/wp\/v2\/comments?post=14054"}],"version-history":[{"count":1,"href":"https:\/\/centralmedia.rs\/index.php\/wp-json\/wp\/v2\/posts\/14054\/revisions"}],"predecessor-version":[{"id":14056,"href":"https:\/\/centralmedia.rs\/index.php\/wp-json\/wp\/v2\/posts\/14054\/revisions\/14056"}],"wp:featuredmedia":[{"embeddable":true,"href":"https:\/\/centralmedia.rs\/index.php\/wp-json\/wp\/v2\/media\/14055"}],"wp:attachment":[{"href":"https:\/\/centralmedia.rs\/index.php\/wp-json\/wp\/v2\/media?parent=14054"}],"wp:term":[{"taxonomy":"category","embeddable":true,"href":"https:\/\/centralmedia.rs\/index.php\/wp-json\/wp\/v2\/categories?post=14054"},{"taxonomy":"post_tag","embeddable":true,"href":"https:\/\/centralmedia.rs\/index.php\/wp-json\/wp\/v2\/tags?post=14054"}],"curies":[{"name":"wp","href":"https:\/\/api.w.org\/{rel}","templated":true}]}}