{"id":14057,"date":"2018-09-25T06:06:27","date_gmt":"2018-09-25T06:06:27","guid":{"rendered":"http:\/\/centralmedia.rs\/?p=14057"},"modified":"2018-09-26T20:04:03","modified_gmt":"2018-09-26T20:04:03","slug":"ponovo-gore-pesnicke-vatre-zlatiborske","status":"publish","type":"post","link":"https:\/\/centralmedia.rs\/index.php\/2018\/09\/25\/ponovo-gore-pesnicke-vatre-zlatiborske\/","title":{"rendered":"PONOVO GORE PESNI\u010cKE VATRE ZLATIBORSKE"},"content":{"rendered":"<p>Manifestacija Pesni\u010dke vatre zlatiborske odr\u017eana je peti put na Zlatiboru, u hotelu Palisad i na \u0160umatnom brdu.<br \/>\nTradicionalnu kulturnu manifestaciju otvorio je predsednik op\u0161tine \u010cajetina Milan Stamatovi\u0107 rekav\u0161i da su svi okupljeni veoma va\u017eni kako bi se unapredila kultura.<\/p>\n<div id='gallery-1' class='gallery galleryid-14057 gallery-columns-2 gallery-size-full'><figure class='gallery-item'>\n\t\t\t<div class='gallery-icon landscape'>\n\t\t\t\t<a href='https:\/\/centralmedia.rs\/index.php\/2018\/09\/25\/ponovo-gore-pesnicke-vatre-zlatiborske\/vatrepovelja\/'><img loading=\"lazy\" decoding=\"async\" width=\"550\" height=\"366\" src=\"https:\/\/centralmedia.rs\/wp-content\/uploads\/2018\/09\/vatrepovelja.jpg\" class=\"attachment-full size-full\" alt=\"\" srcset=\"https:\/\/centralmedia.rs\/wp-content\/uploads\/2018\/09\/vatrepovelja.jpg 550w, https:\/\/centralmedia.rs\/wp-content\/uploads\/2018\/09\/vatrepovelja-300x200.jpg 300w\" sizes=\"(max-width: 550px) 100vw, 550px\" \/><\/a>\n\t\t\t<\/div><\/figure><figure class='gallery-item'>\n\t\t\t<div class='gallery-icon landscape'>\n\t\t\t\t<a href='https:\/\/centralmedia.rs\/index.php\/2018\/09\/25\/ponovo-gore-pesnicke-vatre-zlatiborske\/vatresvi\/'><img loading=\"lazy\" decoding=\"async\" width=\"550\" height=\"366\" src=\"https:\/\/centralmedia.rs\/wp-content\/uploads\/2018\/09\/Vatresvi.jpg\" class=\"attachment-full size-full\" alt=\"\" srcset=\"https:\/\/centralmedia.rs\/wp-content\/uploads\/2018\/09\/Vatresvi.jpg 550w, https:\/\/centralmedia.rs\/wp-content\/uploads\/2018\/09\/Vatresvi-300x200.jpg 300w\" sizes=\"(max-width: 550px) 100vw, 550px\" \/><\/a>\n\t\t\t<\/div><\/figure>\n\t\t<\/div>\n\n<p>\u201eVi ste tu da ne zaboravimo da unapredimo na\u0161u kulturu u malim mestima, da promovi\u0161emo sve ono \u0161to su na\u0161i preci radili pre nas. Ovo ve\u010de je posve\u0107eno Desanki Maksimovi\u0107 i Bertoltu Brehtu. Ovo je sigurno vodilja za neke na\u0161e nove pisce i umetnike koji \u0107e sigurno i ovde u malim sredinama da nastanu i izrastu. Mi smo kao lokalna samouoprava tu da damo podr\u0161ku tome i da promovi\u0161emo na\u0161e tradicionalne vrednosti\u201c, rekao je Stamatovi\u0107.<\/p>\n<p>Dobitnik ovogodi\u0161nje Povelje Pesni\u010dkih vatri je\u00a0 Pero Zubac, koji je i zapalio simboli\u010dnu vatru \u2013 ve\u010dni plamen poezije, a priznanje mu je uru\u010dio predsednik organizacionog odbora i zamenik predsednika op\u0161tine Arsen \u0110uri\u0107.<\/p>\n<p>\u201eSre\u0107an sam \u0161to su mi organizatori, moji prijatelji, omogu\u0107ili da vidim gde po\u010diva Savo Jovanovi\u0107 Sirogojno, junak mog detinjstva. Drago mi je \u0161to se ovo mesto odr\u017eava \u010disto, i \u0161to nema nijednog grafita\u201c rekao je srpski pisac pri paljenju vatre kod Spomen kosturnice stradalima u Drugom svetskom ratu. Tema stradanja bila je zastupljena u poeziji Bertolta Brehta i Desanke Maksimovi\u0107, kojima je ovogodi\u0161nja manifestacija i posve\u0107ena. U godini kada se obele\u017eava 120 godina od ro\u0111enja nema\u010dkog pisca i srpske pesnikinje njihove stihove u Palisadu su kazivali i izvodili Slobodan Ljubi\u010di\u0107, Ivana \u0160\u0107epanovi\u0107, Danka Stojiljkovi\u0107 i Ljubodrag Begovi\u0107. Pored pesama \u201eTra\u017eim pomilovanje\u201c, \u201eKrvava bajka\u201c, \u201eIzve\u0161taj Srba\u201c, \u201eSpomen na ustanak\u201c koje su pisali Breht i Maksimovi\u0107 na Pesni\u010dkim vatrama predstavljena su i dela Alekse \u0160anti\u0107a, Federika Garsije Lorke, Milo\u0161a Crnjanskog\u2026<\/p>\n<p>U sve\u010danom programu su u\u010destvovala i deca iz hora Osnovne \u0161kole \u201eDimitrije Tucovi\u0107\u201c u \u010cajetini i Marko D\u017eambasovi\u0107 u\u010ditelj i frula\u0161.<br \/>\nI ove godine na Zlatibor su stigli i pesnici koji u\u010destvuju na tradicionalnim me\u0111unarodnim Beogradskim susretima pisaca, a zlatiborskoj publici predstavili su se Ludvig Lege iz Nema\u010dke, Lu\u010dian Aleksiu iz Rumunije, Mesut \u0160enol iz Turske i Dmitri Sergejevi\u010d Buragov iz Ukrajine. Zlatiborski pesnici Mirjana Rankovi\u0107 Lukovi\u0107 i Milosav Radibratovi\u0107 svojim pesmama\u00a0 \u201eDrugi zavi\u010daj\u201c i \u201eZlatibor je\u201c pozvali su poklonike kulture i za slede\u0107e Pesni\u010dke vatre zlatiborske koje \u0107e se odr\u017eati za godinu dana.<\/p>\n<p>&nbsp;<\/p>\n","protected":false},"excerpt":{"rendered":"<p>Manifestacija Pesni\u010dke vatre zlatiborske odr\u017eana je peti put na Zlatiboru, u hotelu Palisad i na \u0160umatnom brdu. Tradicionalnu kulturnu manifestaciju otvorio je predsednik op\u0161tine \u010cajetina &hellip; <\/p>\n","protected":false},"author":2,"featured_media":14058,"comment_status":"open","ping_status":"open","sticky":false,"template":"","format":"standard","meta":{"footnotes":""},"categories":[2875,1524,2,15,887,12],"tags":[2762,3138,3107],"_links":{"self":[{"href":"https:\/\/centralmedia.rs\/index.php\/wp-json\/wp\/v2\/posts\/14057"}],"collection":[{"href":"https:\/\/centralmedia.rs\/index.php\/wp-json\/wp\/v2\/posts"}],"about":[{"href":"https:\/\/centralmedia.rs\/index.php\/wp-json\/wp\/v2\/types\/post"}],"author":[{"embeddable":true,"href":"https:\/\/centralmedia.rs\/index.php\/wp-json\/wp\/v2\/users\/2"}],"replies":[{"embeddable":true,"href":"https:\/\/centralmedia.rs\/index.php\/wp-json\/wp\/v2\/comments?post=14057"}],"version-history":[{"count":1,"href":"https:\/\/centralmedia.rs\/index.php\/wp-json\/wp\/v2\/posts\/14057\/revisions"}],"predecessor-version":[{"id":14061,"href":"https:\/\/centralmedia.rs\/index.php\/wp-json\/wp\/v2\/posts\/14057\/revisions\/14061"}],"wp:featuredmedia":[{"embeddable":true,"href":"https:\/\/centralmedia.rs\/index.php\/wp-json\/wp\/v2\/media\/14058"}],"wp:attachment":[{"href":"https:\/\/centralmedia.rs\/index.php\/wp-json\/wp\/v2\/media?parent=14057"}],"wp:term":[{"taxonomy":"category","embeddable":true,"href":"https:\/\/centralmedia.rs\/index.php\/wp-json\/wp\/v2\/categories?post=14057"},{"taxonomy":"post_tag","embeddable":true,"href":"https:\/\/centralmedia.rs\/index.php\/wp-json\/wp\/v2\/tags?post=14057"}],"curies":[{"name":"wp","href":"https:\/\/api.w.org\/{rel}","templated":true}]}}