{"id":14081,"date":"2018-09-26T06:51:35","date_gmt":"2018-09-26T06:51:35","guid":{"rendered":"http:\/\/centralmedia.rs\/?p=14081"},"modified":"2018-09-28T11:41:17","modified_gmt":"2018-09-28T11:41:17","slug":"60-godina-medicinske-skole-u-cupriji","status":"publish","type":"post","link":"https:\/\/centralmedia.rs\/index.php\/2018\/09\/26\/60-godina-medicinske-skole-u-cupriji\/","title":{"rendered":"60 GODINA MEDICINSKE \u0160KOLE U \u0106UPRIJI"},"content":{"rendered":"<p>\u0106UPRIJA- Predstavljanjem monografije ,,60. godina Medicinske \u0161kole&#8221; obele\u017een je vredan jubilej te \u0161kole. Osim toga, Sve\u010dana akademija u ponedeljak i utorak u sali \u0160OMO Dup\u0161an Skovran uveli\u010dali su proslavu, a u tri dana organizovani su prijem za biv\u0161e \u0111ake i penzionere u \u0161koli, pokazna ve\u017eba &#8211; Prva pomo\u0107 i realisti\u010dni prikaz i sportska takmi\u010denja. Bogat istorijat i zna\u010daj u oblasti medicine svrstavaju \u0161kolu u sam vrh prosvetnog sistema Srbije.<\/p>\n","protected":false},"excerpt":{"rendered":"<p>\u0106UPRIJA- Predstavljanjem monografije ,,60. godina Medicinske \u0161kole&#8221; obele\u017een je vredan jubilej te \u0161kole. Osim toga, Sve\u010dana akademija u ponedeljak i utorak u sali \u0160OMO Dup\u0161an &hellip; <\/p>\n","protected":false},"author":2,"featured_media":14082,"comment_status":"open","ping_status":"open","sticky":false,"template":"","format":"standard","meta":{"footnotes":""},"categories":[1515,14,1524,2,887,12],"tags":[1989,44,713,3141],"_links":{"self":[{"href":"https:\/\/centralmedia.rs\/index.php\/wp-json\/wp\/v2\/posts\/14081"}],"collection":[{"href":"https:\/\/centralmedia.rs\/index.php\/wp-json\/wp\/v2\/posts"}],"about":[{"href":"https:\/\/centralmedia.rs\/index.php\/wp-json\/wp\/v2\/types\/post"}],"author":[{"embeddable":true,"href":"https:\/\/centralmedia.rs\/index.php\/wp-json\/wp\/v2\/users\/2"}],"replies":[{"embeddable":true,"href":"https:\/\/centralmedia.rs\/index.php\/wp-json\/wp\/v2\/comments?post=14081"}],"version-history":[{"count":1,"href":"https:\/\/centralmedia.rs\/index.php\/wp-json\/wp\/v2\/posts\/14081\/revisions"}],"predecessor-version":[{"id":14083,"href":"https:\/\/centralmedia.rs\/index.php\/wp-json\/wp\/v2\/posts\/14081\/revisions\/14083"}],"wp:featuredmedia":[{"embeddable":true,"href":"https:\/\/centralmedia.rs\/index.php\/wp-json\/wp\/v2\/media\/14082"}],"wp:attachment":[{"href":"https:\/\/centralmedia.rs\/index.php\/wp-json\/wp\/v2\/media?parent=14081"}],"wp:term":[{"taxonomy":"category","embeddable":true,"href":"https:\/\/centralmedia.rs\/index.php\/wp-json\/wp\/v2\/categories?post=14081"},{"taxonomy":"post_tag","embeddable":true,"href":"https:\/\/centralmedia.rs\/index.php\/wp-json\/wp\/v2\/tags?post=14081"}],"curies":[{"name":"wp","href":"https:\/\/api.w.org\/{rel}","templated":true}]}}