{"id":14090,"date":"2018-09-26T13:46:12","date_gmt":"2018-09-26T13:46:12","guid":{"rendered":"http:\/\/centralmedia.rs\/?p=14090"},"modified":"2018-09-28T11:41:43","modified_gmt":"2018-09-28T11:41:43","slug":"150-godina-resavske-biblioteke-u-svilajncu","status":"publish","type":"post","link":"https:\/\/centralmedia.rs\/index.php\/2018\/09\/26\/150-godina-resavske-biblioteke-u-svilajncu\/","title":{"rendered":"150 GODINA RESAVSKE BIBLIOTEKE U SVILAJNCU"},"content":{"rendered":"<p>Pre 150 godina 1868. osnovana\u00a0 je\u00a0 \u010citaonica\u00a0 Dru\u0161tva \u201eOmladine resavske\u201c. Od tog dana pa sve do danas Biblioteka je kao zna\u010dajna dru\u0161tvena, kulturno-obrazovna i prosvetna ustanova resavskog kraja i Svilajnca, neprekidno radila i nikada nije bila uga\u0161ena.<\/p>\n<p><img loading=\"lazy\" decoding=\"async\" class=\"alignnone wp-image-14095 size-large\" src=\"http:\/\/centralmedia.rs\/wp-content\/uploads\/2018\/09\/Pozivnica-4-1024x663.jpg\" alt=\"\" width=\"640\" height=\"414\" srcset=\"https:\/\/centralmedia.rs\/wp-content\/uploads\/2018\/09\/Pozivnica-4-1024x663.jpg 1024w, https:\/\/centralmedia.rs\/wp-content\/uploads\/2018\/09\/Pozivnica-4-300x194.jpg 300w, https:\/\/centralmedia.rs\/wp-content\/uploads\/2018\/09\/Pozivnica-4-768x497.jpg 768w, https:\/\/centralmedia.rs\/wp-content\/uploads\/2018\/09\/Pozivnica-4-649x420.jpg 649w, https:\/\/centralmedia.rs\/wp-content\/uploads\/2018\/09\/Pozivnica-4-341x220.jpg 341w, https:\/\/centralmedia.rs\/wp-content\/uploads\/2018\/09\/Pozivnica-4-640x414.jpg 640w, https:\/\/centralmedia.rs\/wp-content\/uploads\/2018\/09\/Pozivnica-4-681x441.jpg 681w, https:\/\/centralmedia.rs\/wp-content\/uploads\/2018\/09\/Pozivnica-4.jpg 1739w\" sizes=\"(max-width: 640px) 100vw, 640px\" \/><\/p>\n<p>U istoriji ove stare i zna\u010dajne ustanove smenjivale su se godine poleta, obnove i uzdizanja sa \u010dinjenicama koje su ometale njen razvoj: neodgovaraju\u0107i sme\u0161taj, burni istorijski doga\u0111aji, Prvi i Drugi svetski rat (popaljen i uni\u0161ten knji\u017eni fond i zna\u010dajne zbirke), poplave, nedovoljna finansijska sredstva i \u010deste selidbe. Resavska biblioteka je dobila svoj dom 1986. preseljenjem u ku\u0107u veletrgovca Mite Isakovi\u0107a, na Trgu heroja br. 19. Zgrada, podignuta po\u010detkom XX veka , je zbog svojih arhitektonskih vrednosti i istorijskog doprinosa obrazovanju, nauci i kulturi Odlukom Vlade RS upisana kao spomenik kulture 2001. Uz podr\u0161ku Op\u0161tine Svilajnac i Ministarstva za kulturu i informisanje RS kroz projekte zgrada je rekonstruisana.<img loading=\"lazy\" decoding=\"async\" class=\"alignnone wp-image-14098 size-large\" src=\"http:\/\/centralmedia.rs\/wp-content\/uploads\/2018\/09\/Pozivnica-5-1024x501.jpg\" alt=\"\" width=\"640\" height=\"313\" srcset=\"https:\/\/centralmedia.rs\/wp-content\/uploads\/2018\/09\/Pozivnica-5-1024x501.jpg 1024w, https:\/\/centralmedia.rs\/wp-content\/uploads\/2018\/09\/Pozivnica-5-300x147.jpg 300w, https:\/\/centralmedia.rs\/wp-content\/uploads\/2018\/09\/Pozivnica-5-768x376.jpg 768w, https:\/\/centralmedia.rs\/wp-content\/uploads\/2018\/09\/Pozivnica-5-858x420.jpg 858w, https:\/\/centralmedia.rs\/wp-content\/uploads\/2018\/09\/Pozivnica-5-640x313.jpg 640w, https:\/\/centralmedia.rs\/wp-content\/uploads\/2018\/09\/Pozivnica-5-681x333.jpg 681w, https:\/\/centralmedia.rs\/wp-content\/uploads\/2018\/09\/Pozivnica-5.jpg 1763w\" sizes=\"(max-width: 640px) 100vw, 640px\" \/><\/p>\n<p>Ukupan prostor kojim raspola\u017ee Biblioteka je od 400 m2 i njemu se rad odvija preko odeljenja i slu\u017ebi : Uprava, Odeljenje za nabavku i obradu bibliote\u010dko-informacione gra\u0111e, Odeljenje za odrasle korisnike, De\u010dije odeljenje, Zavi\u010dajno odeljenje i Odeljenje op\u0161tih i pomo\u0107nih poslova i sedmoro zaposlenih.<\/p>\n<p>Trenutno biblioteka Biblioteka poseduje 69.834 knjiga i jo\u0161 11.537 razli\u010dite vrste gra\u0111e na Zavi\u010dajnom odeljenju.<\/p>\n<p>De\u010dije odeljenje sa 14.000 inventarnih jedinica knji\u017ene i neknji\u017ene gra\u0111e za mlade i decu, \u010dasopise i referensu zbirku omiljeno je mesto okupljanja mladih \u010ditalaca koji u osmi\u0161ljenim akcijama , pored \u010ditanja,\u00a0 \u017eele da se izraze na kreativan na\u010din.<\/p>\n<p>Knji\u017eni fond Odeljenje za odrasle korisnike je najbrojniji sa 55.000 knjiga iz raznih oblasti znanja, svetske i na\u0161e knji\u017eevnosti sa slobodnim pristupom fondu, referensnom zbirkom, u vitrinama u hodniku, i zbirkom dela iz umetnosti, u posebnom prostoru. \u010citaonica Biblioteke, u adaptiranom prostoru potkrovlja, ima 10 \u010ditala\u010dkih mesta i 3 umre\u017eena ra\u010dunara u Elektronskoj \u010ditaonici za pristup Internetu. U njoj se u\u010di, pi\u0161e, crta, peva, \u010dita \u0161tampa, do\u010dekuju gosti, koristi stru\u010dna i priru\u010dna literatura koja nije u slobodnom pristupu. Zavi\u010dajno odeljenje sa fondom stare i retke knjige broji 11.537 jedinica gra\u0111e svrstanih u zbirke i kolekcije : monografskih publikacija, razglednica, rukopisa, fotografija, plakata i letaka, sitnog bibliote\u010dkog materijala, dokumentacionog materijala, audio i video zapisa i zbirkom pres-klipinga. Zbirka stare i retke knjige je deo nacionalnog blaga i u njoj je 483 naslova. Knjige za crkvenu upotrebu su najstarije, a me\u0111u njima \u201ePosni triod\u201c \u0161tampan u Lavovu oko 1620. godine. Najve\u0107i deo ovog fonda poti\u010de iz XIX veka, a reprezentuju ga knjige kao \u0161to je \u201eSerbianka\u201c (Srbijanka)\u00a0 Sime Milutinovi\u0107a Sarajlije \u0161tampana u Lajpcigu 1826. godine, \u201eMilo\u0161 Obrenovi\u0107: vojvoda rudni\u010dki : istorijska drama u pet razdela\u201c, u Beogradu 1834, \u201eTurci u Bosni ili smrt Milo\u0161a\u201c \u0161tampana u Budimu 1834.<\/p>\n<p>Biblioteka poseduje i zbirku minijatura koju \u010dine 41 primerak od 1h1 do 8h8 cm, a me\u0111u njima 11 primeraka umetnika Andru\u0161ka Karolja.<\/p>\n<p>U periodu od 2001-2018. Biblioteka\u00a0 bele\u017ei 220.534 poseta \u010ditalaca pri \u010demu su oni pozajmili\u00a0 475.764\u00a0 knjige.<\/p>\n<p>Biblioteka je postigla veliki napredak u delu informacione i komunikacione tehnike. Resavska biblioteka je od 2007. \u010dlan Virtuelene biblioteke Srbije (VBS) i u sistemu je COBISS.SR. baze podataka sa siglom 70823 . Svi zaposleni imaju potrebne licence za rad sa ovom programskom opremom.<\/p>\n<p>Biblioteka je organizovala knji\u017eevne susrete sa svim vode\u0107im knji\u017eevnicima, stvaraocima za decu, prire\u0111uje promocije, prezentacije, tribine, predavanja, koncerte. Nosilac je manifestacije u recitovanju, mladi recittori iz Svilajnca pobe\u0111uju i predstavljaju Pomoravski okrug na Republi\u010dkoj smotri u Valjevu. U Biblioteci su sa uspehom radile radionice kreativnog pisanja, atelje primenjenih umetnosti, kaliografska radionica. Posebno je unapre\u0111en rad sa najmla\u0111ima na de\u010dijem odeljenju uz stalno gostovanje vode\u0107ih de\u010dijih pisaca i rad u okviru zanimljivih radionica.<\/p>\n<p>Biblioteka od 1998. razvija izdava\u010dku delatnost objavljuju\u0107i prvenstveno dela zavi\u010dajnih stvaralaca i autora koji svojim radovima daju doprinos istra\u017eivanju Resave, va\u017enih istorijskih li\u010dnosti i pojava. Do sada je objavljeno 52 naslova. Resavska biblioteka raspisuje knji\u017eevni konkurs za pripovetku i knji\u017eevnu kritiku \u201eAndra Gavrilovi\u0107\u201c, dodeljuje nov\u010danu nagradu i povelju, a najuspe\u0161nije prozne radove sa konkursa objavljuje u zborniku \u201eCrte i reze\u201c.<\/p>\n<p>Biblioteka prire\u0111uje redovne izlo\u017ebe rado prihva\u0107ene i veoma pose\u0107ene, a okrenute posetiocu kome donose zanimljiva i korisna saznanja o istoriji, kulturi, prosveti, sportu, ali i privatnom \u017eivotu u Svilajncu i Resavi u pro\u0161losti. \u0160iroj javnosti na ovaj na\u010din prezentuje se raznovrsna gra\u0111a bibliote\u010dkih fondova. Izlo\u017ebe su gostovale u Manakovoj ku\u0107i, Ruskom domu, Vr\u0161cu. Od 2010. Resavska biblioteka priprema izlo\u017ebe u okviru manifestacije \u201eNo\u0107 muzeja\u201c.<\/p>\n<p>Povodom 150-godi\u0161njice Resavska biblioteka je objavila monografiju \u201eSvilajna\u010dka periodika od 1871. do 1929.\u201c Autora prof. dr Desanke Stamatovi\u0107 i dr Branke Dragosavac, izlo\u017ebu i knjigu pod nazivom \u201eIstorija promena\u201d i scenski prikaz knji\u017eevnika Mirka Demi\u0107a \u201eNa\u0161e doma\u0107e stvari\u201c (o najva\u017enijim li\u010dnostima i doga\u0111ajima u istoriji Resavske biblioteke) u izvo\u0111enju Knja\u017eevsko-srpskog teatra iz Kragujevca.<\/p>\n<p>&nbsp;<\/p>\n","protected":false},"excerpt":{"rendered":"<p>Pre 150 godina 1868. osnovana\u00a0 je\u00a0 \u010citaonica\u00a0 Dru\u0161tva \u201eOmladine resavske\u201c. Od tog dana pa sve do danas Biblioteka je kao zna\u010dajna dru\u0161tvena, kulturno-obrazovna i prosvetna &hellip; <\/p>\n","protected":false},"author":2,"featured_media":14097,"comment_status":"open","ping_status":"open","sticky":false,"template":"","format":"standard","meta":{"footnotes":""},"categories":[1524,2,15,887,12,1517],"tags":[3143,38],"_links":{"self":[{"href":"https:\/\/centralmedia.rs\/index.php\/wp-json\/wp\/v2\/posts\/14090"}],"collection":[{"href":"https:\/\/centralmedia.rs\/index.php\/wp-json\/wp\/v2\/posts"}],"about":[{"href":"https:\/\/centralmedia.rs\/index.php\/wp-json\/wp\/v2\/types\/post"}],"author":[{"embeddable":true,"href":"https:\/\/centralmedia.rs\/index.php\/wp-json\/wp\/v2\/users\/2"}],"replies":[{"embeddable":true,"href":"https:\/\/centralmedia.rs\/index.php\/wp-json\/wp\/v2\/comments?post=14090"}],"version-history":[{"count":4,"href":"https:\/\/centralmedia.rs\/index.php\/wp-json\/wp\/v2\/posts\/14090\/revisions"}],"predecessor-version":[{"id":14099,"href":"https:\/\/centralmedia.rs\/index.php\/wp-json\/wp\/v2\/posts\/14090\/revisions\/14099"}],"wp:featuredmedia":[{"embeddable":true,"href":"https:\/\/centralmedia.rs\/index.php\/wp-json\/wp\/v2\/media\/14097"}],"wp:attachment":[{"href":"https:\/\/centralmedia.rs\/index.php\/wp-json\/wp\/v2\/media?parent=14090"}],"wp:term":[{"taxonomy":"category","embeddable":true,"href":"https:\/\/centralmedia.rs\/index.php\/wp-json\/wp\/v2\/categories?post=14090"},{"taxonomy":"post_tag","embeddable":true,"href":"https:\/\/centralmedia.rs\/index.php\/wp-json\/wp\/v2\/tags?post=14090"}],"curies":[{"name":"wp","href":"https:\/\/api.w.org\/{rel}","templated":true}]}}