{"id":14156,"date":"2018-09-28T22:01:51","date_gmt":"2018-09-28T22:01:51","guid":{"rendered":"http:\/\/centralmedia.rs\/?p=14156"},"modified":"2018-10-03T21:05:03","modified_gmt":"2018-10-03T21:05:03","slug":"noc-istrazivaca-u-pomoravlju-2","status":"publish","type":"post","link":"https:\/\/centralmedia.rs\/index.php\/2018\/09\/28\/noc-istrazivaca-u-pomoravlju-2\/","title":{"rendered":"NO\u0106 ISTRA\u017dIVA\u010cA U POMORAVLJU"},"content":{"rendered":"<p>Evropska No\u0107 istra\u017eiva\u010da, trinaesta po redu, \u00a0po\u010dela je ve\u010deras Pomoravlju, a deo nau\u010dne zabave prene\u0107e se i na\u00a0subotu. Tre\u0107i put u Pomoravlju u organizaciji NOUtima vrata nauke otvorena su u \u0106upriji, Svilajncu, Despotovcu \u00a0i Jagodni.<\/p>\n<div id='gallery-1' class='gallery galleryid-14156 gallery-columns-5 gallery-size-thumbnail'><figure class='gallery-item'>\n\t\t\t<div class='gallery-icon landscape'>\n\t\t\t\t<a href='https:\/\/centralmedia.rs\/index.php\/2018\/09\/28\/noc-istrazivaca-u-pomoravlju-2\/c1\/'><img loading=\"lazy\" decoding=\"async\" width=\"150\" height=\"150\" src=\"https:\/\/centralmedia.rs\/wp-content\/uploads\/2018\/09\/c1-150x150.jpg\" class=\"attachment-thumbnail size-thumbnail\" alt=\"\" \/><\/a>\n\t\t\t<\/div><\/figure><figure class='gallery-item'>\n\t\t\t<div class='gallery-icon landscape'>\n\t\t\t\t<a href='https:\/\/centralmedia.rs\/index.php\/2018\/09\/28\/noc-istrazivaca-u-pomoravlju-2\/c2\/'><img loading=\"lazy\" decoding=\"async\" width=\"150\" height=\"150\" src=\"https:\/\/centralmedia.rs\/wp-content\/uploads\/2018\/09\/c2-150x150.jpg\" class=\"attachment-thumbnail size-thumbnail\" alt=\"\" \/><\/a>\n\t\t\t<\/div><\/figure><figure class='gallery-item'>\n\t\t\t<div class='gallery-icon landscape'>\n\t\t\t\t<a href='https:\/\/centralmedia.rs\/index.php\/2018\/09\/28\/noc-istrazivaca-u-pomoravlju-2\/c3\/'><img loading=\"lazy\" decoding=\"async\" width=\"150\" height=\"150\" src=\"https:\/\/centralmedia.rs\/wp-content\/uploads\/2018\/09\/c3-150x150.jpg\" class=\"attachment-thumbnail size-thumbnail\" alt=\"\" \/><\/a>\n\t\t\t<\/div><\/figure><figure class='gallery-item'>\n\t\t\t<div class='gallery-icon portrait'>\n\t\t\t\t<a href='https:\/\/centralmedia.rs\/index.php\/2018\/09\/28\/noc-istrazivaca-u-pomoravlju-2\/s-3\/'><img loading=\"lazy\" decoding=\"async\" width=\"150\" height=\"150\" src=\"https:\/\/centralmedia.rs\/wp-content\/uploads\/2018\/09\/s-2-150x150.jpg\" class=\"attachment-thumbnail size-thumbnail\" alt=\"\" \/><\/a>\n\t\t\t<\/div><\/figure><figure class='gallery-item'>\n\t\t\t<div class='gallery-icon landscape'>\n\t\t\t\t<a href='https:\/\/centralmedia.rs\/index.php\/2018\/09\/28\/noc-istrazivaca-u-pomoravlju-2\/s1-2\/'><img loading=\"lazy\" decoding=\"async\" width=\"150\" height=\"150\" src=\"https:\/\/centralmedia.rs\/wp-content\/uploads\/2018\/09\/s1-1-150x150.jpg\" class=\"attachment-thumbnail size-thumbnail\" alt=\"\" \/><\/a>\n\t\t\t<\/div><\/figure>\n\t\t<\/div>\n\n<p>-Trudimo se da pribili\u017eimo nauku kroz zanimiljiv na\u010din, mla\u0111ima i starijima. Misija je da sve \u0161to je daleko i strano, pa mo\u017eda i pla\u0161i one koji nisu naklonjeni nauci da se kroz eksperimente pribli\u017ee nauci, kazala je \u010dlan NOU tima Miroslava A\u0107imovi\u0107.<\/p>\n<p>U \u0106upriji su vrata nauke otvarena u Srednjoj Medicinskoj \u0161koli. Istra\u017eivanje \u010dudesnog sveta magnetizma, pravljenje ekolo\u0161kih vozila na elektri\u010dni i vazdu\u0161ni pogon.<\/p>\n<p>&#8211; U subotu \u0107emo posetiti treninge sportista gde \u0107emo meriti fiziolo\u0161ke parametre pre, za vreme i posle treninga. Edukova\u0107emo ih o promenama koje fizi\u010dka aktivnost izaziva na ljudskom telu, najavljuje \u00a0Miroslava A\u0107imovi\u0107.<\/p>\n<p>&#8211; Najatraktivniji ogled, koji je potpuni hit me\u0111u najmla\u0111ima, je slajm. Uou\u0107uju vrlo pronicljiva pitanja za volotere. Pa\u017eljivi su i pitaju. Veliki broj volontera prati manifestaciju, na\u0161 zadatak je da uz osmeh na najbolji na\u010din predstavimo oglede i odgovorimo na pitanja, kazala je volonter Na\u0111a Brankovi\u0107.<\/p>\n<p>U Svilajncu je u Prirodnja\u010dkom centru Srbije prire\u0111ena je No\u0107 istar\u017eiva\u010da.<\/p>\n<p>-Nau\u010dili smo kako nastaju fosili. Otkrili smo tajne svetlosti, bili smo nau\u010dni detektivi i kroz eksperimente smo u\u0161li u tajne misterionog praha i te\u010dnosti. Zavirili smo u mikrosvet i u\u017eivali u svim njegovim \u010darima. U subotu idemo na \u201ePut oko sveta za 60 minuta\u201c. Pomo\u0107u posebnog softvera, u dru\u0161tvu nau\u010dnika, proputova\u0107emo svetom i videti prizore koje snimaju video kamere \u0161irom na\u0161e planete, ka\u017eu u Regionalnom timu podr\u0161ke za nauku, obrazovanje i umetnost &#8211; NOUtim.<\/p>\n","protected":false},"excerpt":{"rendered":"<p>Evropska No\u0107 istra\u017eiva\u010da, trinaesta po redu, \u00a0po\u010dela je ve\u010deras Pomoravlju, a deo nau\u010dne zabave prene\u0107e se i na\u00a0subotu. Tre\u0107i put u Pomoravlju u organizaciji NOUtima &hellip; <\/p>\n","protected":false},"author":2,"featured_media":14157,"comment_status":"open","ping_status":"open","sticky":false,"template":"","format":"standard","meta":{"footnotes":""},"categories":[1515,14,1524,2,887,12,1517],"tags":[44,1226,38],"_links":{"self":[{"href":"https:\/\/centralmedia.rs\/index.php\/wp-json\/wp\/v2\/posts\/14156"}],"collection":[{"href":"https:\/\/centralmedia.rs\/index.php\/wp-json\/wp\/v2\/posts"}],"about":[{"href":"https:\/\/centralmedia.rs\/index.php\/wp-json\/wp\/v2\/types\/post"}],"author":[{"embeddable":true,"href":"https:\/\/centralmedia.rs\/index.php\/wp-json\/wp\/v2\/users\/2"}],"replies":[{"embeddable":true,"href":"https:\/\/centralmedia.rs\/index.php\/wp-json\/wp\/v2\/comments?post=14156"}],"version-history":[{"count":1,"href":"https:\/\/centralmedia.rs\/index.php\/wp-json\/wp\/v2\/posts\/14156\/revisions"}],"predecessor-version":[{"id":14163,"href":"https:\/\/centralmedia.rs\/index.php\/wp-json\/wp\/v2\/posts\/14156\/revisions\/14163"}],"wp:featuredmedia":[{"embeddable":true,"href":"https:\/\/centralmedia.rs\/index.php\/wp-json\/wp\/v2\/media\/14157"}],"wp:attachment":[{"href":"https:\/\/centralmedia.rs\/index.php\/wp-json\/wp\/v2\/media?parent=14156"}],"wp:term":[{"taxonomy":"category","embeddable":true,"href":"https:\/\/centralmedia.rs\/index.php\/wp-json\/wp\/v2\/categories?post=14156"},{"taxonomy":"post_tag","embeddable":true,"href":"https:\/\/centralmedia.rs\/index.php\/wp-json\/wp\/v2\/tags?post=14156"}],"curies":[{"name":"wp","href":"https:\/\/api.w.org\/{rel}","templated":true}]}}